{"id":42123,"date":"2018-02-25T08:40:49","date_gmt":"2018-02-25T11:40:49","guid":{"rendered":"http:\/\/caririemacao.com\/1\/?p=42123"},"modified":"2018-02-25T08:40:49","modified_gmt":"2018-02-25T11:40:49","slug":"apos-cassacao-do-prefeito-cidade-de-juazeirinho-vive-clima-de-violencia","status":"publish","type":"post","link":"https:\/\/www.caririemacao.com\/1\/2018\/02\/25\/apos-cassacao-do-prefeito-cidade-de-juazeirinho-vive-clima-de-violencia\/","title":{"rendered":"Ap\u00f3s cassa\u00e7\u00e3o do prefeito, cidade de Juazeirinho vive clima de viol\u00eancia"},"content":{"rendered":"<p>Ap\u00f3s a cassa\u00e7\u00e3o do prefeito Bevilacqua Matias, acusado pelo Minist\u00e9rio P\u00fablico Federal de n\u00e3o prestar contas de R$ 14 mil do Fundo Nacional de Desenvolvimento de Educa\u00e7\u00e3o (FNDE), o clima de viol\u00eancia tem preocupado populares da cidade de Juazeirinho, localizado na regi\u00e3o do Cariri paraibano.<\/p>\n<p>Segundo den\u00fancias veiculadas nas redes sociais pelo jornalista Ernandes Gouveia, um sobrinho do prefeito e filho do deputado estadual Genival Matias, teria agredido brutalmente neste s\u00e1bado, 24, um cidad\u00e3o conhecido por D\u00e1rio Balbino, que j\u00e1 disputou um mandato de vereador no munic\u00edpio.<\/p>\n<p>Ainda segundo informa\u00e7\u00f5es, o presidente da C\u00e2mara de Vereadores C\u00edcero Silva, conhecido por C\u00edcero do Caminh\u00e3o e o secret\u00e1rio de Infraestrutura do munic\u00edpio, Juscelino, tamb\u00e9m participaram do espancamento em D\u00e1rio Balbino.<\/p>\n<p>O clima de inseguran\u00e7a no munic\u00edpio \u00e9 preocupante e a C\u00e2mara de Vereadores ainda n\u00e3o se manifestou sobre a convoca\u00e7\u00e3o da vice-prefeita Ana Virg\u00ednia.<\/p>\n<p><strong>CARIRI EM A\u00c7\u00c3O<\/strong><\/p>\n<p><em>Com Vitrine do Carari\/Foto: Reprodu\u00e7\u00e3o Internet<\/em><\/p>\n<p><strong>Leia mais not\u00edcias em\u00a0<\/strong><a href=\"http:\/\/www.caririemacao.com\/\"><strong>caririemacao.com<\/strong><\/a><strong>, siga nossa p\u00e1gina no\u00a0<\/strong><a href=\"https:\/\/www.facebook.com\/CaririEmAcao\/?ref=aymt_homepage_panel\"><strong>Facebook<\/strong><\/a>,<strong>\u00a0<\/strong><a href=\"https:\/\/www.instagram.com\/cariri_em_acao\/?hl=pt-br\"><strong>Instagram<\/strong><\/a><strong>\u00a0e\u00a0<\/strong><a href=\"https:\/\/www.youtube.com\/channel\/UCAptA0jQuYQy8vMhLt2m4qg\"><strong>Youtube<\/strong><\/a><strong>\u00a0e veja nossas mat\u00e9rias, v\u00eddeos e fotos. Voc\u00ea tamb\u00e9m pode enviar informa\u00e7\u00f5es \u00e0 Reda\u00e7\u00e3o do Portal Cariri em A\u00e7\u00e3o pelo WhatsApp (83) 9 9634.5791, (83) 9 9601-1162.<\/strong><\/p>\n","protected":false},"excerpt":{"rendered":"<p>Ap\u00f3s a cassa\u00e7\u00e3o do prefeito Bevilacqua Matias, acusado pelo Minist\u00e9rio P\u00fablico Federal de n\u00e3o prestar contas de R$ 14 mil do Fundo Nacional de Desenvolvimento&hellip; <\/p>\n","protected":false},"author":2,"featured_media":42124,"comment_status":"closed","ping_status":"closed","sticky":false,"template":"","format":"standard","meta":{"sfsi_plus_gutenberg_text_before_share":"","sfsi_plus_gutenberg_show_text_before_share":"","sfsi_plus_gutenberg_icon_type":"","sfsi_plus_gutenberg_icon_alignemt":"","sfsi_plus_gutenburg_max_per_row":"","footnotes":""},"categories":[11],"tags":[],"class_list":["post-42123","post","type-post","status-publish","format-standard","has-post-thumbnail","hentry","category-politica"],"_links":{"self":[{"href":"https:\/\/www.caririemacao.com\/1\/wp-json\/wp\/v2\/posts\/42123","targetHints":{"allow":["GET"]}}],"collection":[{"href":"https:\/\/www.caririemacao.com\/1\/wp-json\/wp\/v2\/posts"}],"about":[{"href":"https:\/\/www.caririemacao.com\/1\/wp-json\/wp\/v2\/types\/post"}],"author":[{"embeddable":true,"href":"https:\/\/www.caririemacao.com\/1\/wp-json\/wp\/v2\/users\/2"}],"replies":[{"embeddable":true,"href":"https:\/\/www.caririemacao.com\/1\/wp-json\/wp\/v2\/comments?post=42123"}],"version-history":[{"count":0,"href":"https:\/\/www.caririemacao.com\/1\/wp-json\/wp\/v2\/posts\/42123\/revisions"}],"wp:featuredmedia":[{"embeddable":true,"href":"https:\/\/www.caririemacao.com\/1\/wp-json\/wp\/v2\/media\/42124"}],"wp:attachment":[{"href":"https:\/\/www.caririemacao.com\/1\/wp-json\/wp\/v2\/media?parent=42123"}],"wp:term":[{"taxonomy":"category","embeddable":true,"href":"https:\/\/www.caririemacao.com\/1\/wp-json\/wp\/v2\/categories?post=42123"},{"taxonomy":"post_tag","embeddable":true,"href":"https:\/\/www.caririemacao.com\/1\/wp-json\/wp\/v2\/tags?post=42123"}],"curies":[{"name":"wp","href":"https:\/\/api.w.org\/{rel}","templated":true}]}}