{"id":42126,"date":"2018-02-25T08:48:00","date_gmt":"2018-02-25T11:48:00","guid":{"rendered":"http:\/\/caririemacao.com\/1\/?p=42126"},"modified":"2018-02-25T08:48:00","modified_gmt":"2018-02-25T11:48:00","slug":"pgr-pediu-quebra-de-sigilo-de-inquerito-que-investiga-michel-temer","status":"publish","type":"post","link":"https:\/\/www.caririemacao.com\/1\/2018\/02\/25\/pgr-pediu-quebra-de-sigilo-de-inquerito-que-investiga-michel-temer\/","title":{"rendered":"PGR pediu quebra de sigilo de inqu\u00e9rito que investiga Michel Temer"},"content":{"rendered":"<p>A Procuradoria-Geral da Rep\u00fablica (PGR) confirmou, neste s\u00e1bado (24), ter pedido quebra de sigilos fiscais e banc\u00e1rios de diversos envolvidos no inqu\u00e9rito que apura um decreto assinado pelo presidente Michel Temer. A decis\u00e3o teria beneficiado companhias do stetor portu\u00e1rio.<\/p>\n<p>Nesta semana, o delegado respons\u00e1vel pela investiga\u00e7\u00e3o, Cleyber Lopes, criticou a demora da PGR em despacho enviado ao Supremo Tribunal Federal (STF). A Corte tamb\u00e9m pediu extens\u00e3o do prazo das investiga\u00e7\u00f5es.<\/p>\n<p>Para Cleyber Lopes, as quebras de sigilo &#8220;mostram-se imprescind\u00edveis para esclarecimentos dos crimes investigados&#8221; e &#8220;a investiga\u00e7\u00e3o poder\u00e1 n\u00e3o atingir sua finalidade&#8221; sem elas.<\/p>\n<p>A PGR informou que o pedido de quebra de sigilo foi feitp em 19 de dezembro, quatro dias ap\u00f3s o delegado receber um relat\u00f3rio em que agentes da PF afirmaram ser \u201cnecess\u00e1rio\u201d o procedimento \u201cpara uma completa elucida\u00e7\u00e3o\u201d do caso.<\/p>\n<p><strong>CARIRI EM A\u00c7\u00c3O<\/strong><\/p>\n<p><em>Com Pol\u00edtica ao Minuto\/Foto: Reprodu\u00e7\u00e3o Internet<\/em><\/p>\n<p><strong>Leia mais not\u00edcias em\u00a0<\/strong><a href=\"http:\/\/www.caririemacao.com\/\"><strong>caririemacao.com<\/strong><\/a><strong>, siga nossa p\u00e1gina no\u00a0<\/strong><a href=\"https:\/\/www.facebook.com\/CaririEmAcao\/?ref=aymt_homepage_panel\"><strong>Facebook<\/strong><\/a>,<strong>\u00a0<\/strong><a href=\"https:\/\/www.instagram.com\/cariri_em_acao\/?hl=pt-br\"><strong>Instagram<\/strong><\/a><strong>\u00a0e\u00a0<\/strong><a href=\"https:\/\/www.youtube.com\/channel\/UCAptA0jQuYQy8vMhLt2m4qg\"><strong>Youtube<\/strong><\/a><strong>\u00a0e veja nossas mat\u00e9rias, v\u00eddeos e fotos. Voc\u00ea tamb\u00e9m pode enviar informa\u00e7\u00f5es \u00e0 Reda\u00e7\u00e3o do Portal Cariri em A\u00e7\u00e3o pelo WhatsApp (83) 9 9634.5791, (83) 9 9601-1162.<\/strong><\/p>\n","protected":false},"excerpt":{"rendered":"<p>A Procuradoria-Geral da Rep\u00fablica (PGR) confirmou, neste s\u00e1bado (24), ter pedido quebra de sigilos fiscais e banc\u00e1rios de diversos envolvidos no inqu\u00e9rito que apura um&hellip; <\/p>\n","protected":false},"author":2,"featured_media":42127,"comment_status":"closed","ping_status":"closed","sticky":false,"template":"","format":"standard","meta":{"sfsi_plus_gutenberg_text_before_share":"","sfsi_plus_gutenberg_show_text_before_share":"","sfsi_plus_gutenberg_icon_type":"","sfsi_plus_gutenberg_icon_alignemt":"","sfsi_plus_gutenburg_max_per_row":"","footnotes":""},"categories":[11],"tags":[],"class_list":["post-42126","post","type-post","status-publish","format-standard","has-post-thumbnail","hentry","category-politica"],"_links":{"self":[{"href":"https:\/\/www.caririemacao.com\/1\/wp-json\/wp\/v2\/posts\/42126","targetHints":{"allow":["GET"]}}],"collection":[{"href":"https:\/\/www.caririemacao.com\/1\/wp-json\/wp\/v2\/posts"}],"about":[{"href":"https:\/\/www.caririemacao.com\/1\/wp-json\/wp\/v2\/types\/post"}],"author":[{"embeddable":true,"href":"https:\/\/www.caririemacao.com\/1\/wp-json\/wp\/v2\/users\/2"}],"replies":[{"embeddable":true,"href":"https:\/\/www.caririemacao.com\/1\/wp-json\/wp\/v2\/comments?post=42126"}],"version-history":[{"count":0,"href":"https:\/\/www.caririemacao.com\/1\/wp-json\/wp\/v2\/posts\/42126\/revisions"}],"wp:featuredmedia":[{"embeddable":true,"href":"https:\/\/www.caririemacao.com\/1\/wp-json\/wp\/v2\/media\/42127"}],"wp:attachment":[{"href":"https:\/\/www.caririemacao.com\/1\/wp-json\/wp\/v2\/media?parent=42126"}],"wp:term":[{"taxonomy":"category","embeddable":true,"href":"https:\/\/www.caririemacao.com\/1\/wp-json\/wp\/v2\/categories?post=42126"},{"taxonomy":"post_tag","embeddable":true,"href":"https:\/\/www.caririemacao.com\/1\/wp-json\/wp\/v2\/tags?post=42126"}],"curies":[{"name":"wp","href":"https:\/\/api.w.org\/{rel}","templated":true}]}}