{"id":42129,"date":"2018-02-25T08:51:17","date_gmt":"2018-02-25T11:51:17","guid":{"rendered":"http:\/\/caririemacao.com\/1\/?p=42129"},"modified":"2018-02-25T08:51:17","modified_gmt":"2018-02-25T11:51:17","slug":"pressionada-para-pautar-caso-de-lula-carmen-lucia-estaria-isolada","status":"publish","type":"post","link":"https:\/\/www.caririemacao.com\/1\/2018\/02\/25\/pressionada-para-pautar-caso-de-lula-carmen-lucia-estaria-isolada\/","title":{"rendered":"Pressionada para pautar caso de Lula, C\u00e1rmen L\u00facia estaria isolada"},"content":{"rendered":"<p><span class=\"news_capital_letter\">P<\/span>residente do STF (Supremo Tribunal Federal), C\u00e1rmen L\u00facia tomou ao menos duas decis\u00f5es nos \u00faltimos tempos que, por n\u00e3o terem sido levadas a plen\u00e1rio, foram respons\u00e1veis por criar relativo desgaste entre ela e os demais colegas de Corte.<\/p>\n<p>S\u00e3o elas: o veto parcial ao indulto natalino concedido pelo presidente Michel Temer e o impedimento para que a deputada Cristiane Brasil (PTB-RJ) assumisse o Minist\u00e9rio do Trabalho. Muitos ju\u00edzes avaliam que a presidente tem veia centralizadora e tend\u00eancia a se curvar diante da opini\u00e3o p\u00fablica.<\/p>\n<p>Um terceiro fator a estaria isolando ainda mais: a demora na defini\u00e7\u00e3o relacionada ao caso do ex-presidente Lula. Este ponto, vem fazendo com que a ministra evite reuni\u00f5es com o colegiado e restrinja seu n\u00facleo\u00a0de conselheiros.<\/p>\n<p>H\u00e1 quem diga que, desde 2012, com a gest\u00e3o Cezar Peluzo, n\u00e3o se testemunhava um isolamento t\u00e3o grande por parte de presidentes do tribunal.<\/p>\n<p><strong>CARIRI EM A\u00c7\u00c3O<\/strong><\/p>\n<p><em>Com Pol\u00edtica ao Minuto\/Foto: Reprodu\u00e7\u00e3o Internet<\/em><\/p>\n<p><strong>Leia mais not\u00edcias em\u00a0<\/strong><a href=\"http:\/\/www.caririemacao.com\/\"><strong>caririemacao.com<\/strong><\/a><strong>, siga nossa p\u00e1gina no\u00a0<\/strong><a href=\"https:\/\/www.facebook.com\/CaririEmAcao\/?ref=aymt_homepage_panel\"><strong>Facebook<\/strong><\/a>,<strong>\u00a0<\/strong><a href=\"https:\/\/www.instagram.com\/cariri_em_acao\/?hl=pt-br\"><strong>Instagram<\/strong><\/a><strong>\u00a0e\u00a0<\/strong><a href=\"https:\/\/www.youtube.com\/channel\/UCAptA0jQuYQy8vMhLt2m4qg\"><strong>Youtube<\/strong><\/a><strong>\u00a0e veja nossas mat\u00e9rias, v\u00eddeos e fotos. Voc\u00ea tamb\u00e9m pode enviar informa\u00e7\u00f5es \u00e0 Reda\u00e7\u00e3o do Portal Cariri em A\u00e7\u00e3o pelo WhatsApp (83) 9 9634.5791, (83) 9 9601-1162.<\/strong><\/p>\n","protected":false},"excerpt":{"rendered":"<p>Presidente do STF (Supremo Tribunal Federal), C\u00e1rmen L\u00facia tomou ao menos duas decis\u00f5es nos \u00faltimos tempos que, por n\u00e3o terem sido levadas a plen\u00e1rio, foram&hellip; <\/p>\n","protected":false},"author":2,"featured_media":42130,"comment_status":"closed","ping_status":"closed","sticky":false,"template":"","format":"standard","meta":{"sfsi_plus_gutenberg_text_before_share":"","sfsi_plus_gutenberg_show_text_before_share":"","sfsi_plus_gutenberg_icon_type":"","sfsi_plus_gutenberg_icon_alignemt":"","sfsi_plus_gutenburg_max_per_row":"","footnotes":""},"categories":[11],"tags":[],"class_list":["post-42129","post","type-post","status-publish","format-standard","has-post-thumbnail","hentry","category-politica"],"_links":{"self":[{"href":"https:\/\/www.caririemacao.com\/1\/wp-json\/wp\/v2\/posts\/42129","targetHints":{"allow":["GET"]}}],"collection":[{"href":"https:\/\/www.caririemacao.com\/1\/wp-json\/wp\/v2\/posts"}],"about":[{"href":"https:\/\/www.caririemacao.com\/1\/wp-json\/wp\/v2\/types\/post"}],"author":[{"embeddable":true,"href":"https:\/\/www.caririemacao.com\/1\/wp-json\/wp\/v2\/users\/2"}],"replies":[{"embeddable":true,"href":"https:\/\/www.caririemacao.com\/1\/wp-json\/wp\/v2\/comments?post=42129"}],"version-history":[{"count":0,"href":"https:\/\/www.caririemacao.com\/1\/wp-json\/wp\/v2\/posts\/42129\/revisions"}],"wp:featuredmedia":[{"embeddable":true,"href":"https:\/\/www.caririemacao.com\/1\/wp-json\/wp\/v2\/media\/42130"}],"wp:attachment":[{"href":"https:\/\/www.caririemacao.com\/1\/wp-json\/wp\/v2\/media?parent=42129"}],"wp:term":[{"taxonomy":"category","embeddable":true,"href":"https:\/\/www.caririemacao.com\/1\/wp-json\/wp\/v2\/categories?post=42129"},{"taxonomy":"post_tag","embeddable":true,"href":"https:\/\/www.caririemacao.com\/1\/wp-json\/wp\/v2\/tags?post=42129"}],"curies":[{"name":"wp","href":"https:\/\/api.w.org\/{rel}","templated":true}]}}