{"id":42134,"date":"2018-02-25T09:00:04","date_gmt":"2018-02-25T12:00:04","guid":{"rendered":"http:\/\/caririemacao.com\/1\/?p=42134"},"modified":"2018-02-25T09:00:04","modified_gmt":"2018-02-25T12:00:04","slug":"saiba-quais-celulares-mais-emitem-radiacao","status":"publish","type":"post","link":"https:\/\/www.caririemacao.com\/1\/2018\/02\/25\/saiba-quais-celulares-mais-emitem-radiacao\/","title":{"rendered":"Saiba quais celulares mais emitem radia\u00e7\u00e3o"},"content":{"rendered":"<p><span class=\"news_capital_letter\">O<\/span>s poss\u00edveis efeitos cancer\u00edgenos do uso intenso de celulares s\u00e3o temas de debates frequentes. Cientistas j\u00e1 realizaram uma s\u00e9rie de estudos para identificar se e at\u00e9 que ponto as ondas de radiofrequ\u00eancia emitidas pelos dispositivos podem ser prejudiciais, mas parece que n\u00e3o chegaram a uma conclus\u00e3o.<\/p>\n<p>Como explica uma mat\u00e9ria publicada neste s\u00e1bado (24), as ondas de radiofrequ\u00eancia s\u00e3o uma forma de radia\u00e7\u00e3o n\u00e3o ionizante, que se desprende dos raios X ou ultravioleta.<\/p>\n<p>Um texto do site da Sociedade Americana Contra o C\u00e2ncer (ACS, sigla em ingl\u00eas) explica que &#8220;a preocupa\u00e7\u00e3o \u00e9 se os smartphones poderiam aumentar o risco de desenvolverem-se tumores no c\u00e9rebro ou na regi\u00e3o da cabe\u00e7a e pesco\u00e7o&#8221;.<\/p>\n<p>As ondas emitidas pelos celulares &#8220;n\u00e3o s\u00e3o intensas o suficiente para danificar diretamente o DNA ou aquecer os tecidos do corpo&#8221; e &#8220;n\u00e3o est\u00e1 claro como os celulares poderiam causar c\u00e2ncer&#8221;. Mas estudos indicam a possibilidade de desenvolver a doen\u00e7a, mesmo que n\u00e3o seja comprovada.<\/p>\n<p>A BBC explica que a Taxa de Absor\u00e7\u00e3o Espec\u00edfica (SAR, sigla em ingl\u00eas) ajuda a identificar os celulares que emitem mais ou menos radia\u00e7\u00e3o. O\u00a0\u00edndice nos permite saber que parte da radia\u00e7\u00e3o \u00e1 retida pelo tecido humano.<\/p>\n<p>Os fabricantes devem informar aos \u00f3rg\u00e3os reguladores de cada pa\u00eds qual \u00e9 o SAR &#8211; que corresponde ao uso do telefone em sua pot\u00eancia m\u00e1xima &#8211; de seus produtos. Muitos compradores sequer verificam essa informa\u00e7\u00e3o. Para facilitar a consulta, a\u00a0Ag\u00eancia Federal Alem\u00e3 de Prote\u00e7\u00e3o \u00e0 Radia\u00e7\u00e3o listou os celulares que mais geram ondas de radiofrequ\u00eancia e disponibilizou ao p\u00fablico.<\/p>\n<p>As primeiras posi\u00e7\u00f5es da lista s\u00e3o o OnePlus 5T, Huawei e o Lumia 630 da Nokia. Tamb\u00e9m est\u00e3o na lista o iPhone 7 (em d\u00e9cimo lugar), o iPhone 8 (12\u00ba lugar) e o iPhone 7 Plus (15\u00ba), al\u00e9m do Sony Xperia XZ1 Compact (11\u00ba), o ZTE Axon 7 mini (13\u00ba) e o Blackberry DTEK60 (14\u00ba).<\/p>\n<p>N\u00e3o s\u00e3o estipulados n\u00edveis seguros de radia\u00e7\u00e3o, mas o \u00f3rg\u00e3o de prote\u00e7\u00e3o ao meio ambiente na Alemanha, o Der Blaue Engel, s\u00f3 aprova aparelhos com um n\u00edvel de absor\u00e7\u00e3o de at\u00e9 0,60 watts por kg.<\/p>\n<p>Todos os telefones listados ultrapassam o dobro do limite.<\/p>\n<p>Na lista dos celulares com menor radia\u00e7\u00e3o, os modelos da Samsung lideram. O primeiro na lista \u00e9 o Sony Xperia M5 (0,14), seguido do Samsung Galaxy Note 8 (0,17) e S6 edge+ (0,22), Google Pixel XL (0,25) e Samsung Galaxy S8 (0,26) e S7 edge (0,26).<\/p>\n<p>Os modelos Moto G5 plus e Moto Z da Motorola tamb\u00e9m est\u00e3o entre os que emitem as mais baixas radia\u00e7\u00f5es do mercado.<\/p>\n<p>Para saber a quantidade de radia\u00e7\u00e3o que o seu celular emite, basta consultar o manual do equipamento, o site do fabricante ou o site da Comiss\u00e3o Federal de Comunica\u00e7\u00e3o dos Estados Unidos (FFC, por sua sigla em ingl\u00eas).<\/p>\n<p><strong>CARIRI EM A\u00c7\u00c3O<\/strong><\/p>\n<p><em>Com BBC Brasil\/Foto: Reprodu\u00e7\u00e3o google<\/em><\/p>\n<p><strong>Leia mais not\u00edcias em\u00a0<\/strong><a href=\"http:\/\/www.caririemacao.com\/\"><strong>caririemacao.com<\/strong><\/a><strong>, siga nossa p\u00e1gina no\u00a0<\/strong><a href=\"https:\/\/www.facebook.com\/CaririEmAcao\/?ref=aymt_homepage_panel\"><strong>Facebook<\/strong><\/a>,<strong>\u00a0<\/strong><a href=\"https:\/\/www.instagram.com\/cariri_em_acao\/?hl=pt-br\"><strong>Instagram<\/strong><\/a><strong>\u00a0e\u00a0<\/strong><a href=\"https:\/\/www.youtube.com\/channel\/UCAptA0jQuYQy8vMhLt2m4qg\"><strong>Youtube<\/strong><\/a><strong>\u00a0e veja nossas mat\u00e9rias, v\u00eddeos e fotos. Voc\u00ea tamb\u00e9m pode enviar informa\u00e7\u00f5es \u00e0 Reda\u00e7\u00e3o do Portal Cariri em A\u00e7\u00e3o pelo WhatsApp (83) 9 9634.5791, (83) 9 9601-1162.<\/strong><\/p>\n","protected":false},"excerpt":{"rendered":"<p>Os poss\u00edveis efeitos cancer\u00edgenos do uso intenso de celulares s\u00e3o temas de debates frequentes. Cientistas j\u00e1 realizaram uma s\u00e9rie de estudos para identificar se e&hellip; <\/p>\n","protected":false},"author":2,"featured_media":42135,"comment_status":"closed","ping_status":"closed","sticky":false,"template":"","format":"standard","meta":{"sfsi_plus_gutenberg_text_before_share":"","sfsi_plus_gutenberg_show_text_before_share":"","sfsi_plus_gutenberg_icon_type":"","sfsi_plus_gutenberg_icon_alignemt":"","sfsi_plus_gutenburg_max_per_row":"","footnotes":""},"categories":[2],"tags":[],"class_list":["post-42134","post","type-post","status-publish","format-standard","has-post-thumbnail","hentry","category-geral"],"_links":{"self":[{"href":"https:\/\/www.caririemacao.com\/1\/wp-json\/wp\/v2\/posts\/42134","targetHints":{"allow":["GET"]}}],"collection":[{"href":"https:\/\/www.caririemacao.com\/1\/wp-json\/wp\/v2\/posts"}],"about":[{"href":"https:\/\/www.caririemacao.com\/1\/wp-json\/wp\/v2\/types\/post"}],"author":[{"embeddable":true,"href":"https:\/\/www.caririemacao.com\/1\/wp-json\/wp\/v2\/users\/2"}],"replies":[{"embeddable":true,"href":"https:\/\/www.caririemacao.com\/1\/wp-json\/wp\/v2\/comments?post=42134"}],"version-history":[{"count":0,"href":"https:\/\/www.caririemacao.com\/1\/wp-json\/wp\/v2\/posts\/42134\/revisions"}],"wp:featuredmedia":[{"embeddable":true,"href":"https:\/\/www.caririemacao.com\/1\/wp-json\/wp\/v2\/media\/42135"}],"wp:attachment":[{"href":"https:\/\/www.caririemacao.com\/1\/wp-json\/wp\/v2\/media?parent=42134"}],"wp:term":[{"taxonomy":"category","embeddable":true,"href":"https:\/\/www.caririemacao.com\/1\/wp-json\/wp\/v2\/categories?post=42134"},{"taxonomy":"post_tag","embeddable":true,"href":"https:\/\/www.caririemacao.com\/1\/wp-json\/wp\/v2\/tags?post=42134"}],"curies":[{"name":"wp","href":"https:\/\/api.w.org\/{rel}","templated":true}]}}