{"id":42150,"date":"2018-02-25T09:13:30","date_gmt":"2018-02-25T12:13:30","guid":{"rendered":"http:\/\/caririemacao.com\/1\/?p=42150"},"modified":"2018-02-25T09:13:30","modified_gmt":"2018-02-25T12:13:30","slug":"corinthians-derruba-invencibilidade-do-palmeiras-e-mantem-supremacia","status":"publish","type":"post","link":"https:\/\/www.caririemacao.com\/1\/2018\/02\/25\/corinthians-derruba-invencibilidade-do-palmeiras-e-mantem-supremacia\/","title":{"rendered":"Corinthians derruba invencibilidade do Palmeiras e mant\u00e9m supremacia"},"content":{"rendered":"<p><span class=\"news_capital_letter\">A<\/span>s altera\u00e7\u00f5es promovidas pelo t\u00e9cnico F\u00e1bio Carille enfim surtiram efeito no Corinthians. Sem um atacante de origem na forma\u00e7\u00e3o titular, a equipe alvinegra venceu o Palmeiras por 2 a 0, neste s\u00e1bado (24), no Itaquer\u00e3o, e manteve o dom\u00ednio nos cl\u00e1ssicos recentes contra o principal rival do Estado.<\/p>\n<p>A vit\u00f3ria no d\u00e9rbi reabilita o Corinthians \u00e0s v\u00e9speras da estreia na Copa Libertadores, contra o Millonarios, na Col\u00f4mbia. O time n\u00e3o apresentou um bom futebol nas \u00faltimas rodadas do Campeonato Paulista e estava h\u00e1 tr\u00eas jogos sem vencer -um empate e duas derrotas.<\/p>\n<p>O cen\u00e1rio \u00e9 semelhante ao do ano passado. A equipe de Carille estava em crise e enfrentou o Palmeiras na 32\u00aa rodada do Brasileiro com a possibilidade de perder a lideran\u00e7a para o rival. Mas, com uma vit\u00f3ria por 3 a 2, o Corinthians derrubou as pretens\u00f5es do time alviverde e se sagrou campe\u00e3o tr\u00eas jogos depois.<\/p>\n<p>A vit\u00f3ria mant\u00e9m o Corinthians em vantagem na primeira posi\u00e7\u00e3o do Grupo A. O time chegou aos 16 pontos, cinco a mais do que o vice-l\u00edder Ituano -que joga nesta segunda (26).<\/p>\n<p>O resultado tamb\u00e9m acaba com a invencibilidade do Palmeiras nesta temporada. A equipe dirigida por Roger Machado havia vencido seis partidas e empatado duas neste ano.<\/p>\n<p>Em termos de classifica\u00e7\u00e3o, a equipe alviverde continua com folga na lideran\u00e7a do Grupo C e na classifica\u00e7\u00e3o geral, com 20 pontos.<\/p>\n<p>A derrota, no entanto, \u00e9 a quarta consecutiva que o Palmeiras sofre para o maior rival. O time foi derrotado tr\u00eas vezes pelo Corinthians s\u00f3 na temporada passada, quando j\u00e1 contava com contrata\u00e7\u00f5es milion\u00e1rias e era favorito ao t\u00edtulo de todos os torneios que disputou. A \u00faltima vit\u00f3ria foi em 17 de setembro de 2016, em Itaquera.<\/p>\n<p>Tamb\u00e9m foi a primeira vez que o goleiro Jailson perdeu em 29 jogos. Ele foi expulso aos 14 minutos do segundo tempo, ap\u00f3s cometer p\u00eanalti em Ren\u00ea J\u00fanior. \u00a0 Na quinta (1\u00ba), o Palmeiras far\u00e1 a estreia na Libertadores contra o Atl\u00e9tico J\u00fanior, de Barranquilla, na Col\u00f4mbia.<\/p>\n<p><span class=\"news_bold\">SEM REFER\u00caNCIA<\/span><\/p>\n<p>A vit\u00f3ria foi resultado direto de uma aposta de Carille, que mexeu pela terceira vez neste ano no esquema t\u00e1tico do Corinthians. Depois de testar duas forma\u00e7\u00f5es com um centroavante fixo, o treinador colocou J\u00fanior Dutra na reserva e optou por enfrentar o Palmeiras sem um atacante de origem. Foi no 4-2-4 que o time iniciou a partida.<\/p>\n<p>A forma\u00e7\u00e3o confundiu o Palmeiras no come\u00e7o do jogo, mas tamb\u00e9m n\u00e3o trouxe resultados efetivos para o Corinthians. A linha de quatro jogadores ofensivos era formada por Clayson e Romero abertos nas laterais, enquanto Rodriguinho e Jadson atuavam centralizados.<\/p>\n<p>Nas chegadas ao ataque, o Corinthians sentia falta de uma refer\u00eancia que fizesse um piv\u00f4 ou infiltrasse a \u00e1rea para completar cruzamentos. O Palmeiras se beneficiou da falta de a\u00e7\u00e3o corintiana e criou as melhores chances dos primeiros 30 minutos.<\/p>\n<p>Boa parte das jogadas ofensivas alviverdes surgiram de roubadas de bola, possibilitadas pela marca\u00e7\u00e3o alta que Roger Machado adotou no meio-campo. O time praticou dez desarmes na etapa inicial.<\/p>\n<p>A estrat\u00e9gia de Carille surtiu resultado quando o Palmeiras diminuiu o ritmo. Aos 39 minutos, a equipe segurou a bola no ataque e trocou passes at\u00e9 Rodriguinho receber pr\u00f3ximo \u00e0 entrada da \u00e1rea. O meia aplicou um drible que tirou Borja e Ant\u00f4nio Carlos do lance e saiu na frente de Jailson para marcar o gol alvinegro.<\/p>\n<p>Melhor no segundo tempo, o Corinthians pressionou o rival \u00a0at\u00e9 conseguir um p\u00eanalti. Aos 14 minutos, o \u00e1rbitro Raphael Klaus viu falta de Jailson em Ren\u00ea J\u00fanior e expulsou o goleiro.<\/p>\n<p>Fernando Prass entrou no lugar de Lucas Lima para reassumir a meta alviverde. Jadson cobrou a penalidade, mas chutou torto e mandou para fora. Foi a segunda vez que o meia desperdi\u00e7ou um p\u00eanalti no ano -tamb\u00e9m teve chute defendido contra a Ponte Preta.<\/p>\n<p>Imediatamente ap\u00f3s o lance, houve um confronto localizado entre policiais militares e torcedores do Corinthians no setor norte do est\u00e1dio. A partida foi realizada com torcida \u00fanica por determina\u00e7\u00e3o do governo estadual.<\/p>\n<p>A aus\u00eancia de um jogador no meio-campo matou o estilo de jogo do Palmeiras, fundamentado na troca de passes. A irrita\u00e7\u00e3o com a arbitragem tamb\u00e9m ficou evidente entre os atletas alviverdes. O resultado foi um p\u00eanalti cometido por Dudu, aos 37 minutos. Clayson bateu no meio do gol e decretou a vit\u00f3ria corintiana.<\/p>\n<p><strong>CARIRI EM A\u00c7\u00c3O<\/strong><\/p>\n<p><em>Com Esporte ao Minuto\/Foto: Reprodu\u00e7\u00e3o google<\/em><\/p>\n<p><strong>Leia mais not\u00edcias em\u00a0<\/strong><a href=\"http:\/\/www.caririemacao.com\/\"><strong>caririemacao.com<\/strong><\/a><strong>, siga nossa p\u00e1gina no\u00a0<\/strong><a href=\"https:\/\/www.facebook.com\/CaririEmAcao\/?ref=aymt_homepage_panel\"><strong>Facebook<\/strong><\/a>,<strong>\u00a0<\/strong><a href=\"https:\/\/www.instagram.com\/cariri_em_acao\/?hl=pt-br\"><strong>Instagram<\/strong><\/a><strong>\u00a0e\u00a0<\/strong><a href=\"https:\/\/www.youtube.com\/channel\/UCAptA0jQuYQy8vMhLt2m4qg\"><strong>Youtube<\/strong><\/a><strong>\u00a0e veja nossas mat\u00e9rias, v\u00eddeos e fotos. Voc\u00ea tamb\u00e9m pode enviar informa\u00e7\u00f5es \u00e0 Reda\u00e7\u00e3o do Portal Cariri em A\u00e7\u00e3o pelo WhatsApp (83) 9 9634.5791, (83) 9 9601-1162.<\/strong><\/p>\n","protected":false},"excerpt":{"rendered":"<p>As altera\u00e7\u00f5es promovidas pelo t\u00e9cnico F\u00e1bio Carille enfim surtiram efeito no Corinthians. Sem um atacante de origem na forma\u00e7\u00e3o titular, a equipe alvinegra venceu o&hellip; <\/p>\n","protected":false},"author":2,"featured_media":42151,"comment_status":"closed","ping_status":"closed","sticky":false,"template":"","format":"standard","meta":{"sfsi_plus_gutenberg_text_before_share":"","sfsi_plus_gutenberg_show_text_before_share":"","sfsi_plus_gutenberg_icon_type":"","sfsi_plus_gutenberg_icon_alignemt":"","sfsi_plus_gutenburg_max_per_row":"","footnotes":""},"categories":[13],"tags":[],"class_list":["post-42150","post","type-post","status-publish","format-standard","has-post-thumbnail","hentry","category-esportes"],"_links":{"self":[{"href":"https:\/\/www.caririemacao.com\/1\/wp-json\/wp\/v2\/posts\/42150","targetHints":{"allow":["GET"]}}],"collection":[{"href":"https:\/\/www.caririemacao.com\/1\/wp-json\/wp\/v2\/posts"}],"about":[{"href":"https:\/\/www.caririemacao.com\/1\/wp-json\/wp\/v2\/types\/post"}],"author":[{"embeddable":true,"href":"https:\/\/www.caririemacao.com\/1\/wp-json\/wp\/v2\/users\/2"}],"replies":[{"embeddable":true,"href":"https:\/\/www.caririemacao.com\/1\/wp-json\/wp\/v2\/comments?post=42150"}],"version-history":[{"count":0,"href":"https:\/\/www.caririemacao.com\/1\/wp-json\/wp\/v2\/posts\/42150\/revisions"}],"wp:featuredmedia":[{"embeddable":true,"href":"https:\/\/www.caririemacao.com\/1\/wp-json\/wp\/v2\/media\/42151"}],"wp:attachment":[{"href":"https:\/\/www.caririemacao.com\/1\/wp-json\/wp\/v2\/media?parent=42150"}],"wp:term":[{"taxonomy":"category","embeddable":true,"href":"https:\/\/www.caririemacao.com\/1\/wp-json\/wp\/v2\/categories?post=42150"},{"taxonomy":"post_tag","embeddable":true,"href":"https:\/\/www.caririemacao.com\/1\/wp-json\/wp\/v2\/tags?post=42150"}],"curies":[{"name":"wp","href":"https:\/\/api.w.org\/{rel}","templated":true}]}}