{"id":42172,"date":"2018-02-26T06:24:00","date_gmt":"2018-02-26T09:24:00","guid":{"rendered":"http:\/\/caririemacao.com\/1\/?p=42172"},"modified":"2018-02-26T06:24:00","modified_gmt":"2018-02-26T09:24:00","slug":"policia-descobre-fabrica-de-armas-de-fogo-e-recupera-motos-roubadas-no-cariri","status":"publish","type":"post","link":"https:\/\/www.caririemacao.com\/1\/2018\/02\/26\/policia-descobre-fabrica-de-armas-de-fogo-e-recupera-motos-roubadas-no-cariri\/","title":{"rendered":"Pol\u00edcia descobre f\u00e1brica de armas de fogo e recupera motos roubadas no Cariri"},"content":{"rendered":"<p>Policiais Militares do 11\u00ba Batalh\u00e3o de Pol\u00edcia Militar, sediado na cidade de Monteiro, apreenderam diversas armas de fogo na zona rural do munic\u00edpio de Sum\u00e9, neste s\u00e1bado, 24.<\/p>\n<p>Segundo informa\u00e7\u00f5es do comando do 11\u00ba BPM, a guarni\u00e7\u00e3o de servi\u00e7o, em Sum\u00e9, foi solicitada para atendimento a uma ocorr\u00eancia de viol\u00eancia dom\u00e9stica, em que a v\u00edtima relatou ter sofrido agress\u00f5es de seu companheiro, no s\u00edtio Cachoeirinha, na PB 214, KM 20, entre os munic\u00edpios de Sum\u00e9 e Congo.<\/p>\n<p>Chegando \u00e0 resid\u00eancia, no intuito de localizar o suposto autor, identificado por In\u00e1cio Leite de Lima, 52 anos, foi questionado \u00e0 vitima se o seu companheiro possu\u00eda arma de fogo. A senhora informou que ele possu\u00eda, pois o mesmo praticava ca\u00e7a. A v\u00edtima autorizou a entrada da guarni\u00e7\u00e3o \u00e0 sua resid\u00eancia, onde foi localizado v\u00e1rios tipos de armas de fogo. O autor da agress\u00e3o j\u00e1 havia se evadido da resid\u00eancia, como tamb\u00e9m n\u00e3o foi localizado ap\u00f3s as dilig\u00eancias.<\/p>\n<p>Pelas caracter\u00edsticas da resid\u00eancia e o material apreendido, provavelmente, funciona no local um fabrico de tais armas de fogo.<\/p>\n<p><strong>Material apreendido:<\/strong><\/p>\n<p>\u2013 01 Espingarda rossi, calibre .36, n\u00b0 2235, cano longo;<br \/>\n\u2013 01 Espingarda calibre .12 de fabrica\u00e7\u00e3o caseira, cano curto;<br \/>\n\u2013 01 rev\u00f3lver calibre .38 da fabrica\u00e7\u00e3o caseira, cano curto;<br \/>\n\u2013 02 mini espingardas, fabrica\u00e7\u00e3o caseira, tipo soca soca, cano curto;<br \/>\n\u2013 01 espingarda fabrica\u00e7\u00e3o caseira, tipo soca soca, cano curto;<br \/>\n\u2013 01 espingarda fabrica\u00e7\u00e3o caseira, tipo soca soca, cano longo;<br \/>\n\u2013 02 muni\u00e7\u00f5es calibre .36 CBC;<br \/>\n\u2013 06 muni\u00e7\u00f5es calibre .28 CBC;<br \/>\n\u2013 01 muni\u00e7\u00e3o calibre .28 estojo de metal;<br \/>\n\u2013 01 muni\u00e7\u00f5es calibre .12 estojo de metal;<br \/>\n\u2013 01 muni\u00e7\u00e3o calibre .12 CBC;<br \/>\n\u2013 02 muni\u00e7\u00f5es calibre .38 CBC ogival;<br \/>\n\u2013 01 muni\u00e7\u00e3o calibre .22 CBC ogival;<br \/>\n\u2013 05 muni\u00e7\u00f5es calibre .36 estojo de metal;<br \/>\n\u2013 Aproximadamente, 300g de p\u00f3lvora, chumbo e espoletas;<\/p>\n<p><strong>MOTO COM RESTRI\u00c7\u00d5ES DE ROUBO<\/strong><\/p>\n<p>J\u00e1 na cidade de Camala\u00fa, policiais militares realizavam abordagens na entrada da cidade, na manh\u00e3 deste domingo, 25, quando abordaram o condutor de uma moto Honda POP, sem placas. O condutor identificado por Erivaldo Oliveira da Silva, residente no Assentamento Mandacar\u00fa, em Sum\u00e9, n\u00e3o apresentou \u00e0 documenta\u00e7\u00e3o da moto e os policiais ao consultarem o INFORSEG verificaram que a mesma possu\u00eda restri\u00e7\u00e3o de roubo\/furto.<\/p>\n<p>Questionado sobre a origem da moto, Erivaldo disse que havia comprado a mesma na feira de motos da cidade de Monteiro, sendo o mesmo conduzido para a Delegacia Regional de Pol\u00edcia Civil da cidade de Monteiro para as provid\u00eancias devidas.<\/p>\n<p>Ainda no Cariri paraibano, entre os munic\u00edpios de S\u00e3o Jos\u00e9 dos Cordeiros e Livramento, policiais militares recuperaram uma moto que havia sido roubada no Distrito de Pio X, munic\u00edpio de Sum\u00e9.<\/p>\n<p><strong>CARIRI EM A\u00c7\u00c3O<\/strong><\/p>\n<p><em>Com\u00a0Vitrine do Cariri<\/em><em>\/Foto:\u00a0Vitrine do Cariri<\/em><\/p>\n<p><strong>Leia mais not\u00edcias em\u00a0<\/strong><a href=\"http:\/\/www.caririemacao.com\/\"><strong>caririemacao.com<\/strong><\/a><strong>, siga nossa p\u00e1gina no\u00a0<\/strong><a href=\"https:\/\/www.facebook.com\/CaririEmAcao\/?ref=aymt_homepage_panel\"><strong>Facebook<\/strong><\/a>,<strong>\u00a0<\/strong><a href=\"https:\/\/www.instagram.com\/cariri_em_acao\/?hl=pt-br\"><strong>Instagram<\/strong><\/a><strong>\u00a0e\u00a0<\/strong><a href=\"https:\/\/www.youtube.com\/channel\/UCAptA0jQuYQy8vMhLt2m4qg\"><strong>Youtube<\/strong><\/a><strong>\u00a0e veja nossas mat\u00e9rias, v\u00eddeos e fotos. Voc\u00ea tamb\u00e9m pode enviar informa\u00e7\u00f5es \u00e0 Reda\u00e7\u00e3o do Portal Cariri em A\u00e7\u00e3o pelo WhatsApp (83) 9 9634.5791, (83) 9 9601-1162.<\/strong><\/p>\n","protected":false},"excerpt":{"rendered":"<p>Policiais Militares do 11\u00ba Batalh\u00e3o de Pol\u00edcia Militar, sediado na cidade de Monteiro, apreenderam diversas armas de fogo na zona rural do munic\u00edpio de Sum\u00e9,&hellip; <\/p>\n","protected":false},"author":2,"featured_media":42173,"comment_status":"closed","ping_status":"closed","sticky":false,"template":"","format":"standard","meta":{"sfsi_plus_gutenberg_text_before_share":"","sfsi_plus_gutenberg_show_text_before_share":"","sfsi_plus_gutenberg_icon_type":"","sfsi_plus_gutenberg_icon_alignemt":"","sfsi_plus_gutenburg_max_per_row":"","footnotes":""},"categories":[12],"tags":[],"class_list":["post-42172","post","type-post","status-publish","format-standard","has-post-thumbnail","hentry","category-policia"],"_links":{"self":[{"href":"https:\/\/www.caririemacao.com\/1\/wp-json\/wp\/v2\/posts\/42172","targetHints":{"allow":["GET"]}}],"collection":[{"href":"https:\/\/www.caririemacao.com\/1\/wp-json\/wp\/v2\/posts"}],"about":[{"href":"https:\/\/www.caririemacao.com\/1\/wp-json\/wp\/v2\/types\/post"}],"author":[{"embeddable":true,"href":"https:\/\/www.caririemacao.com\/1\/wp-json\/wp\/v2\/users\/2"}],"replies":[{"embeddable":true,"href":"https:\/\/www.caririemacao.com\/1\/wp-json\/wp\/v2\/comments?post=42172"}],"version-history":[{"count":0,"href":"https:\/\/www.caririemacao.com\/1\/wp-json\/wp\/v2\/posts\/42172\/revisions"}],"wp:featuredmedia":[{"embeddable":true,"href":"https:\/\/www.caririemacao.com\/1\/wp-json\/wp\/v2\/media\/42173"}],"wp:attachment":[{"href":"https:\/\/www.caririemacao.com\/1\/wp-json\/wp\/v2\/media?parent=42172"}],"wp:term":[{"taxonomy":"category","embeddable":true,"href":"https:\/\/www.caririemacao.com\/1\/wp-json\/wp\/v2\/categories?post=42172"},{"taxonomy":"post_tag","embeddable":true,"href":"https:\/\/www.caririemacao.com\/1\/wp-json\/wp\/v2\/tags?post=42172"}],"curies":[{"name":"wp","href":"https:\/\/api.w.org\/{rel}","templated":true}]}}