{"id":42175,"date":"2018-02-26T06:29:07","date_gmt":"2018-02-26T09:29:07","guid":{"rendered":"http:\/\/caririemacao.com\/1\/?p=42175"},"modified":"2018-02-26T06:29:07","modified_gmt":"2018-02-26T09:29:07","slug":"inscricao-para-fies-termina-quarta","status":"publish","type":"post","link":"https:\/\/www.caririemacao.com\/1\/2018\/02\/26\/inscricao-para-fies-termina-quarta\/","title":{"rendered":"Inscri\u00e7\u00e3o para Fies termina quarta"},"content":{"rendered":"<p>O prazo para inscri\u00e7\u00f5es no Fundo de Financiamento Estudantil (Fies) termina nesta quarta-feira (28), \u00e0s 23h59. Podem se inscrever alunos que tiveram m\u00e9dia de pelo menos 450 no Exame Nacional do Ensino M\u00e9dio (Enem) e que n\u00e3o tenham tirado nota zero na reda\u00e7\u00e3o. Outra exig\u00eancia \u00e9 se encaixar dentro dos limites de faixa de renda estabelecidos para o programa.<\/p>\n<p>No in\u00edcio do ano, o Comit\u00ea Gestor do Fies\u00a0definiu os limites\u00a0do financiamento: m\u00e1ximo de R$ 30 mil por semestre e m\u00ednimo de R$ 300 e as condi\u00e7\u00f5es do financiamento precisam ser estipuladas entre o banco que ir\u00e1 conceder o empr\u00e9stimo, a institui\u00e7\u00e3o de ensino e o aluno. Ap\u00f3s a conclus\u00e3o do curso, o valor da parcela depender\u00e1 da renda do estudante.<\/p>\n<p>H\u00e1 duas modalidades do financiamento (Fies e P-Fies) estruturadas em tr\u00eas faixas. A primeira contempla alunos com renda familiar bruta, por pessoa, de at\u00e9 tr\u00eas sal\u00e1rios m\u00ednimos, sem juro real (0%). A segunda \u00e9 destinada a alunos em cuja fam\u00edlia cada membro tenha renda de at\u00e9 cinco sal\u00e1rios m\u00ednimos nas regi\u00f5es Norte, Nordeste e Centro-Oeste. Estudantes com o mesmo teto de renda familiar das demais regi\u00f5es est\u00e3o inclu\u00eddos na terceira faixa. Nestes dois \u00faltimos casos, os juros ser\u00e3o calculados em valor pouco acima da infla\u00e7\u00e3o.<\/p>\n<p>Para fazer a inscri\u00e7\u00e3o\u00a0no\u00a0<em>site<\/em>\u00a0do MEC, o candidato deve fornecer o n\u00famero do CPF, a data de nascimento e um\u00a0<em>e-mail<\/em>\u00a0v\u00e1lido. Al\u00e9m disso, precisa informar a renda familiar para comprovar que se encaixa nas exig\u00eancias do programa.<\/p>\n<p>Os resultados de pr\u00e9-sele\u00e7\u00e3o e as listas de espera ser\u00e3o divulgados ap\u00f3s o encerramento das inscri\u00e7\u00f5es. Para a modalidade Fies a lista com os nomes ser\u00e1 publicada no dia 5 de mar\u00e7o, e na modalidade P-Fies, no dia 12 de mar\u00e7o.<\/p>\n<p><strong>CARIRI EM A\u00c7\u00c3O<\/strong><\/p>\n<p><em>Com Ag\u00eancia Brasil\/Foto: Reprodu\u00e7\u00e3o google<\/em><\/p>\n<p><strong>Leia mais not\u00edcias em\u00a0<\/strong><a href=\"http:\/\/www.caririemacao.com\/\"><strong>caririemacao.com<\/strong><\/a><strong>, siga nossa p\u00e1gina no\u00a0<\/strong><a href=\"https:\/\/www.facebook.com\/CaririEmAcao\/?ref=aymt_homepage_panel\"><strong>Facebook<\/strong><\/a>,<strong>\u00a0<\/strong><a href=\"https:\/\/www.instagram.com\/cariri_em_acao\/?hl=pt-br\"><strong>Instagram<\/strong><\/a><strong>\u00a0e\u00a0<\/strong><a href=\"https:\/\/www.youtube.com\/channel\/UCAptA0jQuYQy8vMhLt2m4qg\"><strong>Youtube<\/strong><\/a><strong>\u00a0e veja nossas mat\u00e9rias, v\u00eddeos e fotos. Voc\u00ea tamb\u00e9m pode enviar informa\u00e7\u00f5es \u00e0 Reda\u00e7\u00e3o do Portal Cariri em A\u00e7\u00e3o pelo WhatsApp (83) 9 9634.5791, (83) 9 9601-1162.<\/strong><\/p>\n","protected":false},"excerpt":{"rendered":"<p>O prazo para inscri\u00e7\u00f5es no Fundo de Financiamento Estudantil (Fies) termina nesta quarta-feira (28), \u00e0s 23h59. Podem se inscrever alunos que tiveram m\u00e9dia de pelo&hellip; <\/p>\n","protected":false},"author":2,"featured_media":25124,"comment_status":"closed","ping_status":"closed","sticky":false,"template":"","format":"standard","meta":{"sfsi_plus_gutenberg_text_before_share":"","sfsi_plus_gutenberg_show_text_before_share":"","sfsi_plus_gutenberg_icon_type":"","sfsi_plus_gutenberg_icon_alignemt":"","sfsi_plus_gutenburg_max_per_row":"","footnotes":""},"categories":[14],"tags":[],"class_list":["post-42175","post","type-post","status-publish","format-standard","has-post-thumbnail","hentry","category-educacao"],"_links":{"self":[{"href":"https:\/\/www.caririemacao.com\/1\/wp-json\/wp\/v2\/posts\/42175","targetHints":{"allow":["GET"]}}],"collection":[{"href":"https:\/\/www.caririemacao.com\/1\/wp-json\/wp\/v2\/posts"}],"about":[{"href":"https:\/\/www.caririemacao.com\/1\/wp-json\/wp\/v2\/types\/post"}],"author":[{"embeddable":true,"href":"https:\/\/www.caririemacao.com\/1\/wp-json\/wp\/v2\/users\/2"}],"replies":[{"embeddable":true,"href":"https:\/\/www.caririemacao.com\/1\/wp-json\/wp\/v2\/comments?post=42175"}],"version-history":[{"count":0,"href":"https:\/\/www.caririemacao.com\/1\/wp-json\/wp\/v2\/posts\/42175\/revisions"}],"wp:featuredmedia":[{"embeddable":true,"href":"https:\/\/www.caririemacao.com\/1\/wp-json\/wp\/v2\/media\/25124"}],"wp:attachment":[{"href":"https:\/\/www.caririemacao.com\/1\/wp-json\/wp\/v2\/media?parent=42175"}],"wp:term":[{"taxonomy":"category","embeddable":true,"href":"https:\/\/www.caririemacao.com\/1\/wp-json\/wp\/v2\/categories?post=42175"},{"taxonomy":"post_tag","embeddable":true,"href":"https:\/\/www.caririemacao.com\/1\/wp-json\/wp\/v2\/tags?post=42175"}],"curies":[{"name":"wp","href":"https:\/\/api.w.org\/{rel}","templated":true}]}}