{"id":42177,"date":"2018-02-26T06:31:15","date_gmt":"2018-02-26T09:31:15","guid":{"rendered":"http:\/\/caririemacao.com\/1\/?p=42177"},"modified":"2018-02-26T06:31:15","modified_gmt":"2018-02-26T09:31:15","slug":"neymar-torce-tornozelo-e-passa-por-exames-preliminares","status":"publish","type":"post","link":"https:\/\/www.caririemacao.com\/1\/2018\/02\/26\/neymar-torce-tornozelo-e-passa-por-exames-preliminares\/","title":{"rendered":"Neymar torce tornozelo e passa por exames preliminares"},"content":{"rendered":"<div class=\"mc-column content-text active-extra-styles active-capital-letter\" data-block-type=\"unstyled\" data-block-weight=\"84\" data-block-id=\"2\">\n<p class=\"content-text__container theme-color-primary-first-letter\" data-track-category=\"Link no Texto\" data-track-links=\"\">Ap\u00f3s deixar o campo do Parque dos Pr\u00edncipes em prantos neste domingo, Neymar foi analisado pelos m\u00e9dicos do PSG no vesti\u00e1rio do est\u00e1dio. O craque torceu o tornozelo direito em um lance sozinho, durante a\u00a0vit\u00f3ria de sua equipe por 3 a 0 sobre o Olympique de Marselha. A an\u00e1lise inicial n\u00e3o indica uma les\u00e3o grave. No entanto, ele foi para um hospital de Paris e passar\u00e1 por exames mais espec\u00edficos. Ele deixou o est\u00e1dio de moletas, com o tornozelo muito inchado e enfaixado.<\/p>\n<\/div>\n<div class=\"mc-column content-text active-extra-styles \" data-block-type=\"unstyled\" data-block-weight=\"60\" data-block-id=\"3\">\n<p class=\"content-text__container \" data-track-category=\"Link no Texto\" data-track-links=\"\">O t\u00e9cnico Unai Emery, por\u00e9m, tranquilizou os torcedores. Em entrevista coletiva ap\u00f3s a partida deste domingo, o treinador do PSG declarou que a an\u00e1lise inicial indica apenas uma entorse no tornozelo, sem les\u00e3o nos ligamentos. O treinador afirmou que espera pelo camisa 10 para o duelo com o Real Madrid, pela Liga dos Campe\u00f5es, no pr\u00f3ximo dia 6 de mar\u00e7o.<\/p>\n<\/div>\n<div class=\"mc-column content-text active-extra-styles \" data-block-type=\"unstyled\" data-block-weight=\"45\" data-block-id=\"4\">\n<p class=\"content-text__container \" data-track-category=\"Link no Texto\" data-track-links=\"\">\u201cSe eu tivesse que me pronunciar sobre o jogo do Real esta noite, eu diria que Neymar pode estar presente. Os primeiros exames no vesti\u00e1rio dizem ser uma entorse. Outros exames ser\u00e3o feitas para termos mais precis\u00e3o. N\u00f3s estamos otimistas \u201c, declarou o treinador.<\/p>\n<div class=\"mc-column content-text active-extra-styles \" data-block-type=\"unstyled\" data-block-weight=\"52\" data-block-id=\"6\">\n<p class=\"content-text__container \" data-track-category=\"Link no Texto\" data-track-links=\"\">Em entrevista na zona mista ap\u00f3s a partida, o atacante uruguaio\u00a0Cavani relatou que Neymar ainda estava chorando no vesti\u00e1rio. O capit\u00e3o Thiago Silva declarou, ainda no gramado, que n\u00e3o acredita na presen\u00e7a de Neymar no duelo contra o pr\u00f3prio Olympique, na pr\u00f3xima quarta-feira, pelas quartas de final da Copa da Fran\u00e7a.<\/p>\n<p class=\"content-text__container \" data-track-category=\"Link no Texto\" data-track-links=\"\">\u201cInchou na hora. N\u00e3o sou m\u00e9dico, mas acredito que ele n\u00e3o estar\u00e1 dispon\u00edvel para quarta-feira (contra o Olympique de Marselha)\u201d, declarou Thiago Silva.<\/p>\n<\/div>\n<div class=\"mc-column content-text active-extra-styles \" data-block-type=\"unstyled\" data-block-weight=\"40\" data-block-id=\"9\">\n<p class=\"content-text__container \" data-track-category=\"Link no Texto\" data-track-links=\"\">Segundo pessoas que acompanharam o brasileiro at\u00e9 o hospital, o atacante est\u00e1 com um grande incha\u00e7o no tornozelo direito. O brasileiro sofreu uma entorse parecida pelo Barcelona,\u00a0em janeiro de 2014. Na ocasi\u00e3o, ele ficou um m\u00eas longe dos gramados.<\/p>\n<\/div>\n<div class=\"mc-column content-text active-extra-styles \" data-block-type=\"unstyled\" data-block-weight=\"52\" data-block-id=\"10\">\n<p class=\"content-text__container \" data-track-category=\"Link no Texto\" data-track-links=\"\">O PSG volta a campo nesta quarta-feira, contra o pr\u00f3prio Olympique, no Parque dos Pr\u00edncipes, em jogo \u00fanico pelas quartas de final da Copa da Fran\u00e7a. O duelo de volta das oitavas de final da Liga dos Campe\u00f5es com o Real Madrid ser\u00e1 no dia 6 de mar\u00e7o, tamb\u00e9m na capital francesa.<\/p>\n<p><strong>CARIRI EM A\u00c7\u00c3O<\/strong><\/p>\n<p><em>Com GE\/Foto: Reprodu\u00e7\u00e3o google<\/em><\/p>\n<p><strong>Leia mais not\u00edcias em\u00a0<\/strong><a href=\"http:\/\/www.caririemacao.com\/\"><strong>caririemacao.com<\/strong><\/a><strong>, siga nossa p\u00e1gina no\u00a0<\/strong><a href=\"https:\/\/www.facebook.com\/CaririEmAcao\/?ref=aymt_homepage_panel\"><strong>Facebook<\/strong><\/a>,<strong>\u00a0<\/strong><a href=\"https:\/\/www.instagram.com\/cariri_em_acao\/?hl=pt-br\"><strong>Instagram<\/strong><\/a><strong>\u00a0e\u00a0<\/strong><a href=\"https:\/\/www.youtube.com\/channel\/UCAptA0jQuYQy8vMhLt2m4qg\"><strong>Youtube<\/strong><\/a><strong>\u00a0e veja nossas mat\u00e9rias, v\u00eddeos e fotos. Voc\u00ea tamb\u00e9m pode enviar informa\u00e7\u00f5es \u00e0 Reda\u00e7\u00e3o do Portal Cariri em A\u00e7\u00e3o pelo WhatsApp (83) 9 9634.5791, (83) 9 9601-1162.<\/strong><\/p>\n<\/div>\n<\/div>\n","protected":false},"excerpt":{"rendered":"<p>Ap\u00f3s deixar o campo do Parque dos Pr\u00edncipes em prantos neste domingo, Neymar foi analisado pelos m\u00e9dicos do PSG no vesti\u00e1rio do est\u00e1dio. O craque&hellip; <\/p>\n","protected":false},"author":2,"featured_media":21290,"comment_status":"closed","ping_status":"closed","sticky":false,"template":"","format":"standard","meta":{"sfsi_plus_gutenberg_text_before_share":"","sfsi_plus_gutenberg_show_text_before_share":"","sfsi_plus_gutenberg_icon_type":"","sfsi_plus_gutenberg_icon_alignemt":"","sfsi_plus_gutenburg_max_per_row":"","footnotes":""},"categories":[13],"tags":[],"class_list":["post-42177","post","type-post","status-publish","format-standard","has-post-thumbnail","hentry","category-esportes"],"_links":{"self":[{"href":"https:\/\/www.caririemacao.com\/1\/wp-json\/wp\/v2\/posts\/42177","targetHints":{"allow":["GET"]}}],"collection":[{"href":"https:\/\/www.caririemacao.com\/1\/wp-json\/wp\/v2\/posts"}],"about":[{"href":"https:\/\/www.caririemacao.com\/1\/wp-json\/wp\/v2\/types\/post"}],"author":[{"embeddable":true,"href":"https:\/\/www.caririemacao.com\/1\/wp-json\/wp\/v2\/users\/2"}],"replies":[{"embeddable":true,"href":"https:\/\/www.caririemacao.com\/1\/wp-json\/wp\/v2\/comments?post=42177"}],"version-history":[{"count":0,"href":"https:\/\/www.caririemacao.com\/1\/wp-json\/wp\/v2\/posts\/42177\/revisions"}],"wp:featuredmedia":[{"embeddable":true,"href":"https:\/\/www.caririemacao.com\/1\/wp-json\/wp\/v2\/media\/21290"}],"wp:attachment":[{"href":"https:\/\/www.caririemacao.com\/1\/wp-json\/wp\/v2\/media?parent=42177"}],"wp:term":[{"taxonomy":"category","embeddable":true,"href":"https:\/\/www.caririemacao.com\/1\/wp-json\/wp\/v2\/categories?post=42177"},{"taxonomy":"post_tag","embeddable":true,"href":"https:\/\/www.caririemacao.com\/1\/wp-json\/wp\/v2\/tags?post=42177"}],"curies":[{"name":"wp","href":"https:\/\/api.w.org\/{rel}","templated":true}]}}