{"id":42179,"date":"2018-02-26T06:35:26","date_gmt":"2018-02-26T09:35:26","guid":{"rendered":"http:\/\/caririemacao.com\/1\/?p=42179"},"modified":"2018-02-26T06:35:26","modified_gmt":"2018-02-26T09:35:26","slug":"termina-nesta-quarta-feira-prazo-para-inscricao-no-projovem","status":"publish","type":"post","link":"https:\/\/www.caririemacao.com\/1\/2018\/02\/26\/termina-nesta-quarta-feira-prazo-para-inscricao-no-projovem\/","title":{"rendered":"Termina nesta quarta-feira prazo para inscri\u00e7\u00e3o no Projovem"},"content":{"rendered":"<p>Termina na pr\u00f3xima quarta-feira (28) o prazo para inscri\u00e7\u00e3o de jovens entre 18 e 29 anos que desejam concluir o ensino fundamental e obter um certificado profissionalizante no Programa Nacional de Inclus\u00e3o de Jovens (Projovem), do Minist\u00e9rio da Educa\u00e7\u00e3o (MEC).<\/p>\n<p>O programa oferece 54 mil vagas, das quais 43 mil s\u00e3o destinadas \u00e0 modalidade Urbano, distribu\u00eddas em 13 estados e 25 munic\u00edpios, incluindo oito capitais, entre elas Manaus, Bel\u00e9m, Recife, Rio de Janeiro, Rio Branco e Natal. Na modalidade Campo h\u00e111 mil vagas, em 11 estados e 45 munic\u00edpios. Os interessados devem procurar a secretaria de educa\u00e7\u00e3o estadual ou municipal de sua cidade.<\/p>\n<p>Criado em 2003, o programa \u00e9 coordenado pela Secretaria de Educa\u00e7\u00e3o Continuada, Alfabetiza\u00e7\u00e3o, Diversidade e Inclus\u00e3o (Secadi) do MEC e oferece cursos com dura\u00e7\u00e3o de 18 meses, na modalidade Urbano, e 24 meses, na modalidade Campo.<\/p>\n<p>Segundo o coordenador-geral de Pol\u00edtica Educacional para a Juventude do MEC, Bruno Alves de Jesus, o objetivo do curso \u00e9 beneficiar jovens de 18 a 29 anos que saibam ler e escrever mas ainda n\u00e3o conclu\u00edram o ensino fundamental.<\/p>\n<p>Al\u00e9m disso, o Projovem tem cursos de inicia\u00e7\u00e3o profissional em diversas \u00e1reas, como administra\u00e7\u00e3o, alimenta\u00e7\u00e3o, arte e cultura, constru\u00e7\u00e3o e reparos, agro-extrativismo, produ\u00e7\u00e3o rural familiar, transporte, turismo, vestu\u00e1rio, esporte e lazer, gest\u00e3o p\u00fablica, entre outros.\u00a0 O programa oferece tamb\u00e9m sala de acolhimento para filhos dos estudantes de at\u00e9 8 anos ficarem durante o hor\u00e1rio das aulas dos pais.<\/p>\n<p><strong>CARIRI EM A\u00c7\u00c3O<\/strong><\/p>\n<p><em>Com Ag\u00eancia Brasil\/Foto: Reprodu\u00e7\u00e3o google<\/em><\/p>\n<p><strong>Leia mais not\u00edcias em\u00a0<\/strong><a href=\"http:\/\/www.caririemacao.com\/\"><strong>caririemacao.com<\/strong><\/a><strong>, siga nossa p\u00e1gina no\u00a0<\/strong><a href=\"https:\/\/www.facebook.com\/CaririEmAcao\/?ref=aymt_homepage_panel\"><strong>Facebook<\/strong><\/a>,<strong>\u00a0<\/strong><a href=\"https:\/\/www.instagram.com\/cariri_em_acao\/?hl=pt-br\"><strong>Instagram<\/strong><\/a><strong>\u00a0e\u00a0<\/strong><a href=\"https:\/\/www.youtube.com\/channel\/UCAptA0jQuYQy8vMhLt2m4qg\"><strong>Youtube<\/strong><\/a><strong>\u00a0e veja nossas mat\u00e9rias, v\u00eddeos e fotos. Voc\u00ea tamb\u00e9m pode enviar informa\u00e7\u00f5es \u00e0 Reda\u00e7\u00e3o do Portal Cariri em A\u00e7\u00e3o pelo WhatsApp (83) 9 9634.5791, (83) 9 9601-1162.<\/strong><\/p>\n","protected":false},"excerpt":{"rendered":"<p>Termina na pr\u00f3xima quarta-feira (28) o prazo para inscri\u00e7\u00e3o de jovens entre 18 e 29 anos que desejam concluir o ensino fundamental e obter um&hellip; <\/p>\n","protected":false},"author":2,"featured_media":13207,"comment_status":"closed","ping_status":"closed","sticky":false,"template":"","format":"standard","meta":{"sfsi_plus_gutenberg_text_before_share":"","sfsi_plus_gutenberg_show_text_before_share":"","sfsi_plus_gutenberg_icon_type":"","sfsi_plus_gutenberg_icon_alignemt":"","sfsi_plus_gutenburg_max_per_row":"","footnotes":""},"categories":[14],"tags":[],"class_list":["post-42179","post","type-post","status-publish","format-standard","has-post-thumbnail","hentry","category-educacao"],"_links":{"self":[{"href":"https:\/\/www.caririemacao.com\/1\/wp-json\/wp\/v2\/posts\/42179","targetHints":{"allow":["GET"]}}],"collection":[{"href":"https:\/\/www.caririemacao.com\/1\/wp-json\/wp\/v2\/posts"}],"about":[{"href":"https:\/\/www.caririemacao.com\/1\/wp-json\/wp\/v2\/types\/post"}],"author":[{"embeddable":true,"href":"https:\/\/www.caririemacao.com\/1\/wp-json\/wp\/v2\/users\/2"}],"replies":[{"embeddable":true,"href":"https:\/\/www.caririemacao.com\/1\/wp-json\/wp\/v2\/comments?post=42179"}],"version-history":[{"count":0,"href":"https:\/\/www.caririemacao.com\/1\/wp-json\/wp\/v2\/posts\/42179\/revisions"}],"wp:featuredmedia":[{"embeddable":true,"href":"https:\/\/www.caririemacao.com\/1\/wp-json\/wp\/v2\/media\/13207"}],"wp:attachment":[{"href":"https:\/\/www.caririemacao.com\/1\/wp-json\/wp\/v2\/media?parent=42179"}],"wp:term":[{"taxonomy":"category","embeddable":true,"href":"https:\/\/www.caririemacao.com\/1\/wp-json\/wp\/v2\/categories?post=42179"},{"taxonomy":"post_tag","embeddable":true,"href":"https:\/\/www.caririemacao.com\/1\/wp-json\/wp\/v2\/tags?post=42179"}],"curies":[{"name":"wp","href":"https:\/\/api.w.org\/{rel}","templated":true}]}}