{"id":42186,"date":"2018-02-26T07:25:13","date_gmt":"2018-02-26T10:25:13","guid":{"rendered":"http:\/\/caririemacao.com\/1\/?p=42186"},"modified":"2018-02-26T07:25:13","modified_gmt":"2018-02-26T10:25:13","slug":"ministro-do-stf-quebra-sigilo-de-investigados-no-esquema-de-temer-em-santos","status":"publish","type":"post","link":"https:\/\/www.caririemacao.com\/1\/2018\/02\/26\/ministro-do-stf-quebra-sigilo-de-investigados-no-esquema-de-temer-em-santos\/","title":{"rendered":"Ministro do STF quebra sigilo de investigados no esquema de Temer em Santos"},"content":{"rendered":"<p>Relator do inqu\u00e9rito que investiga Michel Temer e a edi\u00e7\u00e3o de um decreto de maio de 2017 que mudou regras de concess\u00f5es para empresas portu\u00e1rias, o ministro Lu\u00eds Roberto Barroso, do STF (Supremo Tribunal Federal), autorizou em 15 de dezembro passado a quebra de sigilo banc\u00e1rio e fiscal de v\u00e1rios investigados nesse caso.<\/p>\n<p>Barroso atendeu a um pedido da PGR (Procuradoria-Geral da Rep\u00fablica) do dia 12 de dezembro. A informa\u00e7\u00e3o foi confirmada pela assessoria do \u00f3rg\u00e3o, que informou que foram quebrados os sigilos de pessoas f\u00edsicas e empresas, sem nomin\u00e1-las. N\u00e3o \u00e9 poss\u00edvel saber se Temer \u00e9 um dos alvos da medida.<\/p>\n<p>Al\u00e9m do emedebista, s\u00e3o investigados no inqu\u00e9rito dos portos o ex-deputado Rodrigo Rocha Loures (MDB-PR), Antonio Celso Grecco e Ricardo Mesquita, dono e diretor da empresa portu\u00e1ria Rodrimar, respectivamente.<\/p>\n<p>Outro poss\u00edvel alvo da quebra de sigilo \u00e9 Jo\u00e3o Baptista Lima Filho, coronel aposentado da PM paulista e amigo do emedebista. Embora ele n\u00e3o conste do rol de investigados, seu nome \u00e9 citado diversas vezes em relat\u00f3rios da Pol\u00edcia Federal no inqu\u00e9rito.<\/p>\n<p>Temer \u00e9 investigado por ter beneficiado, por meio de um decreto presidencial, a empresa Rodrimar.<\/p>\n<p><strong>CARIRI EM A\u00c7\u00c3O<\/strong><\/p>\n<p><em>Folha de S.Paulo com Brasil 247\/Foto: Reprodu\u00e7\u00e3o google<\/em><\/p>\n<p><strong>Leia mais not\u00edcias em\u00a0<\/strong><a href=\"http:\/\/www.caririemacao.com\/\"><strong>caririemacao.com<\/strong><\/a><strong>, siga nossa p\u00e1gina no\u00a0<\/strong><a href=\"https:\/\/www.facebook.com\/CaririEmAcao\/?ref=aymt_homepage_panel\"><strong>Facebook<\/strong><\/a>,<strong>\u00a0<\/strong><a href=\"https:\/\/www.instagram.com\/cariri_em_acao\/?hl=pt-br\"><strong>Instagram<\/strong><\/a><strong>\u00a0e\u00a0<\/strong><a href=\"https:\/\/www.youtube.com\/channel\/UCAptA0jQuYQy8vMhLt2m4qg\"><strong>Youtube<\/strong><\/a><strong>\u00a0e veja nossas mat\u00e9rias, v\u00eddeos e fotos. Voc\u00ea tamb\u00e9m pode enviar informa\u00e7\u00f5es \u00e0 Reda\u00e7\u00e3o do Portal Cariri em A\u00e7\u00e3o pelo WhatsApp (83) 9 9634.5791, (83) 9 9601-1162.<\/strong><\/p>\n","protected":false},"excerpt":{"rendered":"<p>Relator do inqu\u00e9rito que investiga Michel Temer e a edi\u00e7\u00e3o de um decreto de maio de 2017 que mudou regras de concess\u00f5es para empresas portu\u00e1rias,&hellip; <\/p>\n","protected":false},"author":2,"featured_media":35670,"comment_status":"closed","ping_status":"closed","sticky":false,"template":"","format":"standard","meta":{"sfsi_plus_gutenberg_text_before_share":"","sfsi_plus_gutenberg_show_text_before_share":"","sfsi_plus_gutenberg_icon_type":"","sfsi_plus_gutenberg_icon_alignemt":"","sfsi_plus_gutenburg_max_per_row":"","footnotes":""},"categories":[11],"tags":[],"class_list":["post-42186","post","type-post","status-publish","format-standard","has-post-thumbnail","hentry","category-politica"],"_links":{"self":[{"href":"https:\/\/www.caririemacao.com\/1\/wp-json\/wp\/v2\/posts\/42186","targetHints":{"allow":["GET"]}}],"collection":[{"href":"https:\/\/www.caririemacao.com\/1\/wp-json\/wp\/v2\/posts"}],"about":[{"href":"https:\/\/www.caririemacao.com\/1\/wp-json\/wp\/v2\/types\/post"}],"author":[{"embeddable":true,"href":"https:\/\/www.caririemacao.com\/1\/wp-json\/wp\/v2\/users\/2"}],"replies":[{"embeddable":true,"href":"https:\/\/www.caririemacao.com\/1\/wp-json\/wp\/v2\/comments?post=42186"}],"version-history":[{"count":0,"href":"https:\/\/www.caririemacao.com\/1\/wp-json\/wp\/v2\/posts\/42186\/revisions"}],"wp:featuredmedia":[{"embeddable":true,"href":"https:\/\/www.caririemacao.com\/1\/wp-json\/wp\/v2\/media\/35670"}],"wp:attachment":[{"href":"https:\/\/www.caririemacao.com\/1\/wp-json\/wp\/v2\/media?parent=42186"}],"wp:term":[{"taxonomy":"category","embeddable":true,"href":"https:\/\/www.caririemacao.com\/1\/wp-json\/wp\/v2\/categories?post=42186"},{"taxonomy":"post_tag","embeddable":true,"href":"https:\/\/www.caririemacao.com\/1\/wp-json\/wp\/v2\/tags?post=42186"}],"curies":[{"name":"wp","href":"https:\/\/api.w.org\/{rel}","templated":true}]}}