{"id":42193,"date":"2018-02-26T07:33:37","date_gmt":"2018-02-26T10:33:37","guid":{"rendered":"http:\/\/caririemacao.com\/1\/?p=42193"},"modified":"2018-02-26T07:33:37","modified_gmt":"2018-02-26T10:33:37","slug":"paraiba-entre-os-estados-que-passam-a-receber-alerta-de-desastres-naturais","status":"publish","type":"post","link":"https:\/\/www.caririemacao.com\/1\/2018\/02\/26\/paraiba-entre-os-estados-que-passam-a-receber-alerta-de-desastres-naturais\/","title":{"rendered":"Para\u00edba entre os estados que passam a receber alerta de desastres naturais"},"content":{"rendered":"<p>A Para\u00edba est\u00e1 entre os estados que passam a contar a partir desta segunda-feira (26) com o servi\u00e7o do sistema de alerta de desastres naturais via mensagens de texto (SMS).<\/p>\n<p>Com isso, o sistema, que tem por objetivo prevenir e orientar as pessoas quanto aos procedimentos que devem ser adotados diante do risco de inunda\u00e7\u00f5es, alagamentos, temporais ou deslizamentos de terra, entre outras ocorr\u00eancias, passar\u00e1 a cobrir todo o Brasil.<\/p>\n<p>A implanta\u00e7\u00e3o ficou a cargo da Ag\u00eancia Nacional de Telecomunica\u00e7\u00f5es (Anatel), em parceria com a Defesa Civil e com o apoio das empresas de telecomunica\u00e7\u00f5es.<\/p>\n<p>A previs\u00e3o inicial era que o servi\u00e7o come\u00e7asse a funcionar nessas regi\u00f5es a partir do dia 19 de mar\u00e7o. Contudo, no dia 15, o Sindicato Nacional das Empresas de Telefonia e de Servi\u00e7o M\u00f3vel Celular e Pessoal (SindiTelebrasil) informou que a entrada em funcionamento do sistema de alerta de desastres naturais via SMS em estados das Regi\u00f5es Norte e Nordeste foi antecipada para esta segunda-feira.<\/p>\n<p>O sistema envia o alerta por mensagens de texto para os celulares em caso de imin\u00eancia de desastres naturais. O envio das mensagens ficar\u00e1 a cargo do Cenad (Centro Nacional de Gerenciamento de Riscos e Desastres) e Defesa Civil dos estados e munic\u00edpios. A partir do pr\u00f3ximo ano, a implanta\u00e7\u00e3o dever\u00e1 ocorrer gradualmente para outros estados.<\/p>\n<p>A mensagem de texto que a popula\u00e7\u00e3o receber\u00e1 da Defesa Civil ser\u00e1: \u201cDefesa Civil informa: novo servi\u00e7o de envio de SMS gratuito de alertas de riscos de desastres. Para se cadastrar responda para 40199 com CEP de interesse\u201d.<\/p>\n<p>Qualquer pessoa que estiver em uma das localidades atendidas pode se cadastrar, mesmo n\u00e3o tendo recebido a mensagem e n\u00e3o sendo morador da regi\u00e3o, desde que informe um CEP do local atendido.<\/p>\n<p>Ao fim do cadastro, o usu\u00e1rio receber\u00e1 uma mensagem que vai informar que o celular est\u00e1 apto a receber alertas e recomenda\u00e7\u00f5es de Defesa Civil. Tamb\u00e9m ser\u00e1 poss\u00edvel cancelar o servi\u00e7o por mensagem de celular.<\/p>\n<p>Sistema<\/p>\n<p>O sistema de envio de SMS para alerta de desastres come\u00e7ou a ser utilizado no Jap\u00e3o a partir de 2007. Atualmente, ele tamb\u00e9m funciona em mais de 20 pa\u00edses.<\/p>\n<p>No dia 19 deste m\u00eas, o servi\u00e7o foi ativado no Distrito Federal, Mato Grosso e Tocantins. O projeto-piloto foi colocado em pr\u00e1tica em fevereiro do ano passado. Inicialmente o sistema foi ativado em 20 munic\u00edpios de Santa Catarina, onde moram cerca de 500 mil habitantes.<\/p>\n<p>Essas cidades foram escolhidas por conta de eventos meteorol\u00f3gicos com potencial de acidentes, entre eles, ressacas, vendavais, alagamentos, enxurradas e granizo.<\/p>\n<p><strong>CARIRI EM A\u00c7\u00c3O<\/strong><\/p>\n<p><em>Com Ag\u00eancia Brasil \/Foto: Reprodu\u00e7\u00e3o google<\/em><\/p>\n<p><strong>Leia mais not\u00edcias em\u00a0<\/strong><a href=\"http:\/\/www.caririemacao.com\/\"><strong>caririemacao.com<\/strong><\/a><strong>, siga nossa p\u00e1gina no\u00a0<\/strong><a href=\"https:\/\/www.facebook.com\/CaririEmAcao\/?ref=aymt_homepage_panel\"><strong>Facebook<\/strong><\/a>,<strong>\u00a0<\/strong><a href=\"https:\/\/www.instagram.com\/cariri_em_acao\/?hl=pt-br\"><strong>Instagram<\/strong><\/a><strong>\u00a0e\u00a0<\/strong><a href=\"https:\/\/www.youtube.com\/channel\/UCAptA0jQuYQy8vMhLt2m4qg\"><strong>Youtube<\/strong><\/a><strong>\u00a0e veja nossas mat\u00e9rias, v\u00eddeos e fotos. Voc\u00ea tamb\u00e9m pode enviar informa\u00e7\u00f5es \u00e0 Reda\u00e7\u00e3o do Portal Cariri em A\u00e7\u00e3o pelo WhatsApp (83) 9 9634.5791, (83) 9 9601-1162.<\/strong><\/p>\n","protected":false},"excerpt":{"rendered":"<p>A Para\u00edba est\u00e1 entre os estados que passam a contar a partir desta segunda-feira (26) com o servi\u00e7o do sistema de alerta de desastres naturais&hellip; <\/p>\n","protected":false},"author":2,"featured_media":3665,"comment_status":"closed","ping_status":"closed","sticky":false,"template":"","format":"standard","meta":{"sfsi_plus_gutenberg_text_before_share":"","sfsi_plus_gutenberg_show_text_before_share":"","sfsi_plus_gutenberg_icon_type":"","sfsi_plus_gutenberg_icon_alignemt":"","sfsi_plus_gutenburg_max_per_row":"","footnotes":""},"categories":[2],"tags":[],"class_list":["post-42193","post","type-post","status-publish","format-standard","has-post-thumbnail","hentry","category-geral"],"_links":{"self":[{"href":"https:\/\/www.caririemacao.com\/1\/wp-json\/wp\/v2\/posts\/42193","targetHints":{"allow":["GET"]}}],"collection":[{"href":"https:\/\/www.caririemacao.com\/1\/wp-json\/wp\/v2\/posts"}],"about":[{"href":"https:\/\/www.caririemacao.com\/1\/wp-json\/wp\/v2\/types\/post"}],"author":[{"embeddable":true,"href":"https:\/\/www.caririemacao.com\/1\/wp-json\/wp\/v2\/users\/2"}],"replies":[{"embeddable":true,"href":"https:\/\/www.caririemacao.com\/1\/wp-json\/wp\/v2\/comments?post=42193"}],"version-history":[{"count":0,"href":"https:\/\/www.caririemacao.com\/1\/wp-json\/wp\/v2\/posts\/42193\/revisions"}],"wp:featuredmedia":[{"embeddable":true,"href":"https:\/\/www.caririemacao.com\/1\/wp-json\/wp\/v2\/media\/3665"}],"wp:attachment":[{"href":"https:\/\/www.caririemacao.com\/1\/wp-json\/wp\/v2\/media?parent=42193"}],"wp:term":[{"taxonomy":"category","embeddable":true,"href":"https:\/\/www.caririemacao.com\/1\/wp-json\/wp\/v2\/categories?post=42193"},{"taxonomy":"post_tag","embeddable":true,"href":"https:\/\/www.caririemacao.com\/1\/wp-json\/wp\/v2\/tags?post=42193"}],"curies":[{"name":"wp","href":"https:\/\/api.w.org\/{rel}","templated":true}]}}