{"id":42196,"date":"2018-02-26T08:23:50","date_gmt":"2018-02-26T11:23:50","guid":{"rendered":"http:\/\/caririemacao.com\/1\/?p=42196"},"modified":"2018-02-26T08:23:50","modified_gmt":"2018-02-26T11:23:50","slug":"pericia-da-pf-conclui-que-lula-nao-tem-imovel-e-nada-tem-a-ver-com-petrobras-diz-zanin","status":"publish","type":"post","link":"https:\/\/www.caririemacao.com\/1\/2018\/02\/26\/pericia-da-pf-conclui-que-lula-nao-tem-imovel-e-nada-tem-a-ver-com-petrobras-diz-zanin\/","title":{"rendered":"Per\u00edcia da PF conclui que Lula n\u00e3o tem im\u00f3vel e nada tem a ver com Petrobras, diz Zanin"},"content":{"rendered":"<p><strong>Nota da defesa do ex-presidente Lula \u2013<\/strong>\u00a0O laudo entregue pela Pol\u00edcia Federal na \u00faltima sexta-feira (23\/02) n\u00e3o confirmou a exist\u00eancia de qualquer documento que vincule o ex-Presidente Luiz In\u00e1cio Lula da Silva a contratos da Petrobras e muito menos ao recebimento de qualquer im\u00f3vel para o Instituto Lula ou para a sua moradia, ao contr\u00e1rio do que afirmou a acusa\u00e7\u00e3o (A\u00e7\u00e3o Penal n\u00ba 5063130-17.2016.4.04.7000\/PR).<\/p>\n<p>Por outro lado, o laudo demonstrou que: (i) o principal sistema a ser periciado \u2014 o MyWebDay \u2014 n\u00e3o p\u00f4de ser aberto e analisado, contrariando informa\u00e7\u00e3o do Minist\u00e9rio P\u00fablico Federal de que o documento havia sido entregue com o Acordo de Leni\u00eancia da Odebrecht; (ii) houve destrui\u00e7\u00e3o e manipula\u00e7\u00e3o nos arquivos submetidos \u00e0 per\u00edcia. \u00c9 o que se detalha abaixo:<\/p>\n<p>a) Os Peritos Federais n\u00e3o conseguiram acessar o principal sistema objeto da per\u00edcia, o MyWebDay, confirmando que a defesa de Lula tinha raz\u00e3o ao colocar em d\u00favida documentos que foram atribu\u00eddos a esse sistema pelo Minist\u00e9rio P\u00fablico Federal para acusar o ex-Presidente:<\/p>\n<p>P\u00e1gina 122 do Laudo:<\/p>\n<p>\u201c\u00c9 importante destacar que, at\u00e9 o presente momento, n\u00e3o foi poss\u00edvel examinar o ambiente de produ\u00e7\u00e3o (ambiente real utilizado pelos usu\u00e1rios no dia a dia) do MyWebDay, conforme descrito na Subse\u00e7\u00e3o V.14 (p\u00e1gina 300). No entanto, os artefatos resultantes da utiliza\u00e7\u00e3o do sistema por usu\u00e1rios (relat\u00f3rios, consultas), associados a outros elementos como, por exemplo, o ambiente de desenvolvimento do MyWebDay B, fornecem informa\u00e7\u00f5es \u00fateis para esclarecer alguns questionamentos, como ser\u00e1 demonstrado neste laudo.\u201d<\/p>\n<p>b) Houve destrui\u00e7\u00e3o deliberada de dados do sistema antes de os arquivos terem sido disponibilizados \u00e0 empresa respons\u00e1vel pela guarda e elabora\u00e7\u00e3o das c\u00f3pias forenses (FRA)<\/p>\n<p>P\u00e1gina 301, do Laudo:<\/p>\n<p>\u201cA an\u00e1lise dos hist\u00f3ricos de comandos revelou ainda que 3 dessas m\u00e1quinas virtuais tiveram o conte\u00fado de seus arquivos deliberadamente \u201cdestru\u00eddos\u201d atrav\u00e9s do comando \u201cshred\u201d, cuja principal funcionalidade \u00e9 sobrescrever arquivos com dados aleat\u00f3rios, de modo a destruir o conte\u00fado dos arquivos, com objetivo de impedir a leitura dos dados previamente existentes ou recupera\u00e7\u00e3o por meio de ferramentas forenses.\u201d<\/p>\n<p>P\u00e1gina 302, do Laudo:<br \/>\n\u201cComplementarmente, foi verificado que existem arquivos de hist\u00f3rico de conex\u00f5es remotas, em data\/hora pr\u00f3ximo ao evento de destrui\u00e7\u00e3o de dados, contendo registros de acesso oriundos do endere\u00e7o IP \u201c201.26.148.29\u201d. Referido endere\u00e7o IP encontra-se atualmente vinculado \u00e0 operadora de telecomunica\u00e7\u00f5es VIVO\u201d<\/p>\n<p>c) Os peritos encontraram evid\u00eancias de que os arquivos apresentados pela Odebrecht foram manipulados e\/ou danificados pela empresa que era a respons\u00e1vel pelo Sistema:<\/p>\n<p>P\u00e1gina 68 do Laudo:<\/p>\n<p>\u201cDeve-se acrescentar que o arquivo de imagem forense que cont\u00e9m todas as evid\u00eancias do Disco 05 (\u201cExternal HDD 1-1 (1).E01\u201d), apresentado na Tabela 15, encontra-se \u00edntegro. Isso significa que quando a imagem forense gerada pela Odebrecht foi criada, a imagem forense \u201cDraftSystemExtUSBESXi1.E01\u201d j\u00e1 se encontrava danificada.\u201d<\/p>\n<p>d) Diante da impossibilidade de acesso do principal sistema a ser periciado, o MyWebDay, os trabalhos periciais ficaram prejudicados na resposta ao quesito elaborado pela Defesa do ex-Presidente Lula, que pedia aos peritos para esclarecer se os arquivos apresentados pela Odebrecht eram id\u00eanticos \u00e0queles que estavam hospedados no Data Center de origem denominado Banhoff, na Sui\u00e7a. N\u00e3o foi confirmada essa informa\u00e7\u00e3o nos trabalhos periciais, fundamental para a perfeita conclus\u00e3o dos trabalhos.<\/p>\n<p>Referida confirma\u00e7\u00e3o, tendo em vista que os peritos federais constataram a destrui\u00e7\u00e3o deliberada de arquivos, era fundamental para saber quais s\u00e3o as diferen\u00e7as entre os arquivos de origem (Banhoff) e aqueles copiados e entregues pela Odebrecht.<\/p>\n<p>e) Os peritos da Policia Federal identificaram tamb\u00e9m arquivos que foram modificados ap\u00f3s o MPF ter recebido o material da Odebrecht:<\/p>\n<p>P\u00e1gina 82, do Laudo:<br \/>\n\u201cTamb\u00e9m foram encontrados arquivos\/pastas fora dos arquivos de imagem forense com datas de modifica\u00e7\u00e3o\/cria\u00e7\u00e3o posteriores ao recebimento desse material pelo MPF (SPPEA\/PGR), em destaque na Tabela 23. A exist\u00eancia desses arquivos indica que houve a conex\u00e3o dos discos contendo as evid\u00eancias encaminhadas pela Odebrecht ao MPF em uma porta USB sem que houvesse o bloqueio de escrita sobre as referidas m\u00eddias.\u201d<\/p>\n<p>f) Os peritos da Policia Federal compararam documento no formato PDF entregues pela Odebrecht com outros documentos fornecidos pela pr\u00f3pria Odebrecht \u2014 e n\u00e3o com os sistemas, como havia sido determinado pelo despacho judicial:<\/p>\n<p>P\u00e1gina 70, do Laudo:<\/p>\n<p>\u201cPara analisar a integridade dos dados recebidos, foi solicitada, \u00e0 empresa Odebrecht, que fornecesse uma listagem de arquivos com os respectivos hashes. Em resposta, foi recebido um arquivo contendo uma lista de arquivos e os hashes correspondentes, gerados a partir dos arquivos em posse do escrit\u00f3rio de advocacia contratado pela Odebrecht na Su\u00ed\u00e7a. Essa listagem foi comparada com os arquivos presentes nos Discos 05 a 08, tendo sido verificado que os arquivos presentes na lista de hashes encontram-se armazenados nesses discos e com hashes id\u00eanticos, indicando que n\u00e3o houve qualquer altera\u00e7\u00e3o no conte\u00fado destes arquivos at\u00e9 o momento dos exames.\u201d<\/p>\n<p>P\u00e1ginas 126-127, do Laudo:<\/p>\n<p>\u201cFuncionamento cont\u00e1bil do Sistema MyWebDay Na pasta \u201c\\vol_vol2\\Documents and Settings\\\u201d da evid\u00eancia \u201c\\Disco_05-Xtract-<br \/>\nPE2950-VHD-owni-ts-ts.vhd\u201d, na pasta \u201c\\Master\\\u201d do Disco 09 e no Pendrive 01 (Segunda Entrega), foram identificados 32.685 fragmentos de relat\u00f3rios financeiros, todos em formato PDF, que pertenceriam ao chamado sistema MyWebDay. Embora, at\u00e9 o momento, n\u00e3o tenha sido poss\u00edvel colocar em funcionamento o sistema MyWebDay, a quantidade de informa\u00e7\u00f5es contida nos relat\u00f3rios disponibilizados permitiu aos peritos terem um entendimento a respeito do controle exercido sobre os pagamentos extra cont\u00e1beis que a Odebrecht realizou a diversos beneficiados.\u201d<\/p>\n<p>g) Reconheceu que as mesmas pessoas que tinham acesso ao Drousys tamb\u00e9m tinham acesso ao sistema do Meinl Bank de Ant\u00edgua:<\/p>\n<p>Na p\u00e1gina 117:<\/p>\n<p>\u201cAp\u00f3s an\u00e1lise do estado criado em \u201c16\/04\/2016 14:44:04\u201d, denominado \u201cAPOS RECUPERAR\u201d (mostrado na Figura 29), os peritos verificaram que, no momento da cria\u00e7\u00e3o deste estado, a m\u00e1quina virtual (identificador 1.9 na Tabela 43) encontrava-se configurada para os dom\u00ednios de correio eletr\u00f4nico: \u201cdraftsystems.net\u201d, \u201cdrousys.com\u201d, \u201cvpnep.com\u201d e \u201cmeinlbank.com.ag\u201d, conforme ilustrado na Figura 28.\u201d<\/p>\n<p>A constata\u00e7\u00e3o de que o material efetivamente periciado sofreu adultera\u00e7\u00f5es al\u00e9m de estar reconhecida no laudo pericial \u00e9 confirmada por depoimentos prestados perante o ju\u00edzo da 13\u00aa. Vara Federal Criminal de Curitiba. No mesmo dia em que o laudo pericial foi apresentado (23\/02), por exemplo, Fernando Migliaccio, ex-integrante do chamado Setor de Opera\u00e7\u00f5es Estruturadas da Odebrecht, prestou depoimento e reconheceu que houve uma reuni\u00e3o em Madri no segundo semestre de 2015 com a participa\u00e7\u00e3o do criador de um dos sistemas utilizados na contabilidade paralela do grupo para tratar que os integrantes pudessem se \u201cproteger\u201d. O executivo reconheceu, ainda, que era poss\u00edvel incluir e excluir informa\u00e7\u00f5es no sistema Drousys, utilizado para comunica\u00e7\u00e3o do sistema de contabilidade paralela da Odebrecht.<\/p>\n<p>O Instituto Lula funciona desde 1991 no mesmo im\u00f3vel. O ex-Presidente Lula n\u00e3o solicitou ou recebeu da Odebrecht ou de qualquer outra empresa im\u00f3vel destinado \u00e0 instala\u00e7\u00e3o daquela institui\u00e7\u00e3o. Lula tamb\u00e9m n\u00e3o solicitou e tampouco recebeu a propriedade do apartamento que \u00e9 locado pela sua fam\u00edlia, com regular pagamento de aluguel.<\/p>\n<p>As acusa\u00e7\u00f5es veiculadas pelo Minist\u00e9rio P\u00fablico nessa a\u00e7\u00e3o penal n\u00e3o t\u00eam qualquer materialidade e integram o \u201clawfare\u201d praticado contra Lula por alguns agentes do Estado, que consiste no mau uso e abuso das leis e dos procedimentos jur\u00eddicos para fins de persegui\u00e7\u00e3o pol\u00edtica\u201d.<\/p>\n<p><em>Com Brasil 247\/Foto: Reprodu\u00e7\u00e3o google<\/em><\/p>\n<p><strong>Leia mais not\u00edcias em\u00a0<\/strong><a href=\"http:\/\/www.caririemacao.com\/\"><strong>caririemacao.com<\/strong><\/a><strong>, siga nossa p\u00e1gina no\u00a0<\/strong><a href=\"https:\/\/www.facebook.com\/CaririEmAcao\/?ref=aymt_homepage_panel\"><strong>Facebook<\/strong><\/a>,<strong>\u00a0<\/strong><a href=\"https:\/\/www.instagram.com\/cariri_em_acao\/?hl=pt-br\"><strong>Instagram<\/strong><\/a><strong>\u00a0e\u00a0<\/strong><a href=\"https:\/\/www.youtube.com\/channel\/UCAptA0jQuYQy8vMhLt2m4qg\"><strong>Youtube<\/strong><\/a><strong>\u00a0e veja nossas mat\u00e9rias, v\u00eddeos e fotos. Voc\u00ea tamb\u00e9m pode enviar informa\u00e7\u00f5es \u00e0 Reda\u00e7\u00e3o do Portal Cariri em A\u00e7\u00e3o pelo WhatsApp (83) 9 9634.5791, (83) 9 9601-1162.<\/strong><\/p>\n","protected":false},"excerpt":{"rendered":"<p>Nota da defesa do ex-presidente Lula \u2013\u00a0O laudo entregue pela Pol\u00edcia Federal na \u00faltima sexta-feira (23\/02) n\u00e3o confirmou a exist\u00eancia de qualquer documento que vincule&hellip; <\/p>\n","protected":false},"author":2,"featured_media":42201,"comment_status":"closed","ping_status":"closed","sticky":false,"template":"","format":"standard","meta":{"sfsi_plus_gutenberg_text_before_share":"","sfsi_plus_gutenberg_show_text_before_share":"","sfsi_plus_gutenberg_icon_type":"","sfsi_plus_gutenberg_icon_alignemt":"","sfsi_plus_gutenburg_max_per_row":"","footnotes":""},"categories":[11],"tags":[],"class_list":["post-42196","post","type-post","status-publish","format-standard","has-post-thumbnail","hentry","category-politica"],"_links":{"self":[{"href":"https:\/\/www.caririemacao.com\/1\/wp-json\/wp\/v2\/posts\/42196","targetHints":{"allow":["GET"]}}],"collection":[{"href":"https:\/\/www.caririemacao.com\/1\/wp-json\/wp\/v2\/posts"}],"about":[{"href":"https:\/\/www.caririemacao.com\/1\/wp-json\/wp\/v2\/types\/post"}],"author":[{"embeddable":true,"href":"https:\/\/www.caririemacao.com\/1\/wp-json\/wp\/v2\/users\/2"}],"replies":[{"embeddable":true,"href":"https:\/\/www.caririemacao.com\/1\/wp-json\/wp\/v2\/comments?post=42196"}],"version-history":[{"count":0,"href":"https:\/\/www.caririemacao.com\/1\/wp-json\/wp\/v2\/posts\/42196\/revisions"}],"wp:featuredmedia":[{"embeddable":true,"href":"https:\/\/www.caririemacao.com\/1\/wp-json\/wp\/v2\/media\/42201"}],"wp:attachment":[{"href":"https:\/\/www.caririemacao.com\/1\/wp-json\/wp\/v2\/media?parent=42196"}],"wp:term":[{"taxonomy":"category","embeddable":true,"href":"https:\/\/www.caririemacao.com\/1\/wp-json\/wp\/v2\/categories?post=42196"},{"taxonomy":"post_tag","embeddable":true,"href":"https:\/\/www.caririemacao.com\/1\/wp-json\/wp\/v2\/tags?post=42196"}],"curies":[{"name":"wp","href":"https:\/\/api.w.org\/{rel}","templated":true}]}}