{"id":42203,"date":"2018-02-26T08:25:57","date_gmt":"2018-02-26T11:25:57","guid":{"rendered":"http:\/\/caririemacao.com\/1\/?p=42203"},"modified":"2018-02-26T08:25:57","modified_gmt":"2018-02-26T11:25:57","slug":"temer-escolhe-jungmann-atual-ministro-da-defesa-para-comandar-pasta-de-seguranca-publica","status":"publish","type":"post","link":"https:\/\/www.caririemacao.com\/1\/2018\/02\/26\/temer-escolhe-jungmann-atual-ministro-da-defesa-para-comandar-pasta-de-seguranca-publica\/","title":{"rendered":"Temer escolhe Jungmann, atual ministro da Defesa, para comandar pasta de Seguran\u00e7a P\u00fablica"},"content":{"rendered":"<div class=\"mc-column content-text active-extra-styles active-capital-letter\" data-block-type=\"unstyled\" data-block-weight=\"32\" data-block-id=\"2\">\n<p class=\"content-text__container theme-color-primary-first-letter\" data-track-category=\"Link no Texto\" data-track-links=\"\">O presidente Michel Temer escolheu o ministro da Defesa, Raul Jungmann, para assumir o Minist\u00e9rio da Seguran\u00e7a P\u00fablica. A nova pasta deve ser criada nesta segunda-feira (26), por meio de medida provis\u00f3ria.<\/p>\n<\/div>\n<div class=\"mc-column content-text active-extra-styles \" data-block-type=\"unstyled\" data-block-weight=\"26\" data-block-id=\"3\">\n<p class=\"content-text__container \" data-track-category=\"Link no Texto\" data-track-links=\"\">Com a ida de Jungmann para o novo minist\u00e9rio, o general Joaquim Silva e Luna, atual secret\u00e1rio-executivo, deve assumir interinamente o comando do Minist\u00e9rio da Defesa.<\/p>\n<\/div>\n<div class=\"mc-column content-text active-extra-styles \" data-block-type=\"unstyled\" data-block-weight=\"33\" data-block-id=\"4\">\n<p class=\"content-text__container \" data-track-category=\"Link no Texto\" data-track-links=\"\">A escolha de Jungmann foi uma solu\u00e7\u00e3o caseira do Pal\u00e1cio do Planalto. Diante da dificuldade de encontrar um nome externo, o presidente Michel Temer, desde a semana passada, j\u00e1 amadurecia uma solu\u00e7\u00e3o interna.<\/p>\n<\/div>\n<div class=\"mc-column content-text active-extra-styles \" data-block-type=\"unstyled\" data-block-weight=\"28\" data-block-id=\"5\">\n<p class=\"content-text__container \" data-track-category=\"Link no Texto\" data-track-links=\"\">Jungmann j\u00e1 era cotado pelo seu perfil mais pol\u00edtico e pela experi\u00eancia acumulada. Desde que assumiu a Defesa, Jungmann conduz a\u00e7\u00f5es constantes na seguran\u00e7a p\u00fablica em v\u00e1rios estados.<\/p>\n<\/div>\n<div class=\"mc-column content-text active-extra-styles \" data-block-type=\"unstyled\" data-block-weight=\"38\" data-block-id=\"6\">\n<p class=\"content-text__container \" data-track-category=\"Link no Texto\" data-track-links=\"\">De 2006 at\u00e9 aqui foram editados 11 decretos da Garantia da Lei e da Ordem (GLO) para auxiliar a seguran\u00e7a p\u00fablica em v\u00e1rios estados, com tropas federais, como Rio de Janeiro, Esp\u00edrito Santo e Rio Grande do Norte.<\/p>\n<\/div>\n<div class=\"mc-column content-text active-extra-styles \" data-block-type=\"unstyled\" data-block-weight=\"63\" data-block-id=\"7\">\n<p class=\"content-text__container \" data-track-category=\"Link no Texto\" data-track-links=\"\">Chegou a ser avaliado o nome do general S\u00e9rgio Etchegoyen, ministro do gabinete de Seguran\u00e7a Institucional, mas, pelo fato dele ser militar, esta op\u00e7\u00e3o foi descartada. Com a decis\u00e3o de colocar um general para ser o interventor no Rio de Janeiro, a avali\u00e7\u00e3o do Planalto \u00e9 que poderia ser mal recebido pela sociedade ter outro militar no comando do Minist\u00e9rio da Seguran\u00e7a P\u00fablica.<\/p>\n<\/div>\n<div class=\"mc-column content-text active-extra-styles \" data-block-type=\"unstyled\" data-block-weight=\"33\" data-block-id=\"8\">\n<p class=\"content-text__container \" data-track-category=\"Link no Texto\" data-track-links=\"\">Fontes do Pal\u00e1cio do Planalto j\u00e1 descartavem desde o carnaval nomes que sa\u00edram na imprensa como o delegado aposentado da PF Jos\u00e9 Mariano Beltrame e o ex-governador de S\u00e3o Paulo Luiz Ant\u00f4nio Fleury.<\/p>\n<\/div>\n<div data-track-category=\"fim do conteudo\" data-track-action=\"ultimo chunk conteudo\" data-track-noninteraction=\"false\" data-track-scroll=\"entrada completa viewport\">\n<div class=\"mc-column content-text active-extra-styles \" data-block-type=\"unstyled\" data-block-weight=\"33\" data-block-id=\"9\">\n<p class=\"content-text__container \" data-track-category=\"Link no Texto\" data-track-links=\"\">A expectativa do presidente Temer \u00e9 que Jungmann tenha maior capacidade de interlocu\u00e7\u00e3o com os governadores at\u00e9 mesmo pela sua experi\u00eancia como parlamentar e ministro da Reforma Agr\u00e1ria da gest\u00e3o Fernando Henrique Cardoso.<\/p>\n<p><strong>CARIRI EM A\u00c7\u00c3O<\/strong><\/p>\n<p><em>Com Para\u00edba J\u00e1\/Foto: Reprodu\u00e7\u00e3o google<\/em><\/p>\n<p><strong>Leia mais not\u00edcias em\u00a0<\/strong><a href=\"http:\/\/www.caririemacao.com\/\"><strong>caririemacao.com<\/strong><\/a><strong>, siga nossa p\u00e1gina no\u00a0<\/strong><a href=\"https:\/\/www.facebook.com\/CaririEmAcao\/?ref=aymt_homepage_panel\"><strong>Facebook<\/strong><\/a>,<strong>\u00a0<\/strong><a href=\"https:\/\/www.instagram.com\/cariri_em_acao\/?hl=pt-br\"><strong>Instagram<\/strong><\/a><strong>\u00a0e\u00a0<\/strong><a href=\"https:\/\/www.youtube.com\/channel\/UCAptA0jQuYQy8vMhLt2m4qg\"><strong>Youtube<\/strong><\/a><strong>\u00a0e veja nossas mat\u00e9rias, v\u00eddeos e fotos. Voc\u00ea tamb\u00e9m pode enviar informa\u00e7\u00f5es \u00e0 Reda\u00e7\u00e3o do Portal Cariri em A\u00e7\u00e3o pelo WhatsApp (83) 9 9634.5791, (83) 9 9601-1162.<\/strong><\/p>\n<\/div>\n<\/div>\n","protected":false},"excerpt":{"rendered":"<p>O presidente Michel Temer escolheu o ministro da Defesa, Raul Jungmann, para assumir o Minist\u00e9rio da Seguran\u00e7a P\u00fablica. A nova pasta deve ser criada nesta&hellip; <\/p>\n","protected":false},"author":2,"featured_media":42204,"comment_status":"closed","ping_status":"closed","sticky":false,"template":"","format":"standard","meta":{"sfsi_plus_gutenberg_text_before_share":"","sfsi_plus_gutenberg_show_text_before_share":"","sfsi_plus_gutenberg_icon_type":"","sfsi_plus_gutenberg_icon_alignemt":"","sfsi_plus_gutenburg_max_per_row":"","footnotes":""},"categories":[11],"tags":[],"class_list":["post-42203","post","type-post","status-publish","format-standard","has-post-thumbnail","hentry","category-politica"],"_links":{"self":[{"href":"https:\/\/www.caririemacao.com\/1\/wp-json\/wp\/v2\/posts\/42203","targetHints":{"allow":["GET"]}}],"collection":[{"href":"https:\/\/www.caririemacao.com\/1\/wp-json\/wp\/v2\/posts"}],"about":[{"href":"https:\/\/www.caririemacao.com\/1\/wp-json\/wp\/v2\/types\/post"}],"author":[{"embeddable":true,"href":"https:\/\/www.caririemacao.com\/1\/wp-json\/wp\/v2\/users\/2"}],"replies":[{"embeddable":true,"href":"https:\/\/www.caririemacao.com\/1\/wp-json\/wp\/v2\/comments?post=42203"}],"version-history":[{"count":0,"href":"https:\/\/www.caririemacao.com\/1\/wp-json\/wp\/v2\/posts\/42203\/revisions"}],"wp:featuredmedia":[{"embeddable":true,"href":"https:\/\/www.caririemacao.com\/1\/wp-json\/wp\/v2\/media\/42204"}],"wp:attachment":[{"href":"https:\/\/www.caririemacao.com\/1\/wp-json\/wp\/v2\/media?parent=42203"}],"wp:term":[{"taxonomy":"category","embeddable":true,"href":"https:\/\/www.caririemacao.com\/1\/wp-json\/wp\/v2\/categories?post=42203"},{"taxonomy":"post_tag","embeddable":true,"href":"https:\/\/www.caririemacao.com\/1\/wp-json\/wp\/v2\/tags?post=42203"}],"curies":[{"name":"wp","href":"https:\/\/api.w.org\/{rel}","templated":true}]}}