{"id":42209,"date":"2018-02-26T08:48:00","date_gmt":"2018-02-26T11:48:00","guid":{"rendered":"http:\/\/caririemacao.com\/1\/?p=42209"},"modified":"2018-02-26T13:48:09","modified_gmt":"2018-02-26T16:48:09","slug":"filha-de-vereadora-e-deputado-e-assaltada-em-cg-e-suspeitos-sao-presos","status":"publish","type":"post","link":"https:\/\/www.caririemacao.com\/1\/2018\/02\/26\/filha-de-vereadora-e-deputado-e-assaltada-em-cg-e-suspeitos-sao-presos\/","title":{"rendered":"Filha de vereadora e deputado \u00e9 assaltada em CG e suspeitos s\u00e3o presos"},"content":{"rendered":"<p>A filha da presidente da C\u00e2mara de Campina Grande, vereadora Ivonete Ludg\u00e9rio, e do deputado estadual Manoel Ludg\u00e9rio foi v\u00edtima de um assalto na noite desse domingo (25).<\/p>\n<p>Segundo apura\u00e7\u00e3o, a jovem tinha sa\u00eddo para jantar com amigas e foi abordada por uma dupla em uma motocicleta ao parar o carro na frente da casa de uma delas, no bairro Itarar\u00e9. A dupla levou bolsas e celulares das v\u00edtimas.<\/p>\n<p>Poucos minutos depois, dois jovens suspeitos foram localizados no distrito de Catol\u00e9 de Z\u00e9 Ferreira, ap\u00f3s a pol\u00edcia rastrear a localiza\u00e7\u00e3o do aparelho da filha dos parlamentares.<\/p>\n<p>Al\u00e9m de todos os pertences das v\u00edtimas, a pol\u00edcia apreendeu com os suspeitos o documento de um carro com queixa de roubo.<\/p>\n<p>Ainda, a vereadora Ivonete Ludg\u00e9rio chegou a passar mal quando soube do crime cometido contra a filha, mas j\u00e1 foi medicada.<\/p>\n<p><strong>CARIRI EM A\u00c7\u00c3O<\/strong><\/p>\n<p><em>Com Portal Correio\/Foto: Reprodu\u00e7\u00e3o google<\/em><\/p>\n<p><strong>Leia mais not\u00edcias em\u00a0<\/strong><a href=\"http:\/\/www.caririemacao.com\/\"><strong>caririemacao.com<\/strong><\/a><strong>, siga nossa p\u00e1gina no\u00a0<\/strong><a href=\"https:\/\/www.facebook.com\/CaririEmAcao\/?ref=aymt_homepage_panel\"><strong>Facebook<\/strong><\/a>,<strong>\u00a0<\/strong><a href=\"https:\/\/www.instagram.com\/cariri_em_acao\/?hl=pt-br\"><strong>Instagram<\/strong><\/a><strong>\u00a0e\u00a0<\/strong><a href=\"https:\/\/www.youtube.com\/channel\/UCAptA0jQuYQy8vMhLt2m4qg\"><strong>Youtube<\/strong><\/a><strong>\u00a0e veja nossas mat\u00e9rias, v\u00eddeos e fotos. Voc\u00ea tamb\u00e9m pode enviar informa\u00e7\u00f5es \u00e0 Reda\u00e7\u00e3o do Portal Cariri em A\u00e7\u00e3o pelo WhatsApp (83) 9 9634.5791, (83) 9 9601-1162.<\/strong><\/p>\n","protected":false},"excerpt":{"rendered":"<p>A filha da presidente da C\u00e2mara de Campina Grande, vereadora Ivonete Ludg\u00e9rio, e do deputado estadual Manoel Ludg\u00e9rio foi v\u00edtima de um assalto na noite&hellip; <\/p>\n","protected":false},"author":2,"featured_media":42210,"comment_status":"closed","ping_status":"closed","sticky":false,"template":"","format":"standard","meta":{"sfsi_plus_gutenberg_text_before_share":"","sfsi_plus_gutenberg_show_text_before_share":"","sfsi_plus_gutenberg_icon_type":"","sfsi_plus_gutenberg_icon_alignemt":"","sfsi_plus_gutenburg_max_per_row":"","footnotes":""},"categories":[12],"tags":[],"class_list":["post-42209","post","type-post","status-publish","format-standard","has-post-thumbnail","hentry","category-policia"],"_links":{"self":[{"href":"https:\/\/www.caririemacao.com\/1\/wp-json\/wp\/v2\/posts\/42209","targetHints":{"allow":["GET"]}}],"collection":[{"href":"https:\/\/www.caririemacao.com\/1\/wp-json\/wp\/v2\/posts"}],"about":[{"href":"https:\/\/www.caririemacao.com\/1\/wp-json\/wp\/v2\/types\/post"}],"author":[{"embeddable":true,"href":"https:\/\/www.caririemacao.com\/1\/wp-json\/wp\/v2\/users\/2"}],"replies":[{"embeddable":true,"href":"https:\/\/www.caririemacao.com\/1\/wp-json\/wp\/v2\/comments?post=42209"}],"version-history":[{"count":0,"href":"https:\/\/www.caririemacao.com\/1\/wp-json\/wp\/v2\/posts\/42209\/revisions"}],"wp:featuredmedia":[{"embeddable":true,"href":"https:\/\/www.caririemacao.com\/1\/wp-json\/wp\/v2\/media\/42210"}],"wp:attachment":[{"href":"https:\/\/www.caririemacao.com\/1\/wp-json\/wp\/v2\/media?parent=42209"}],"wp:term":[{"taxonomy":"category","embeddable":true,"href":"https:\/\/www.caririemacao.com\/1\/wp-json\/wp\/v2\/categories?post=42209"},{"taxonomy":"post_tag","embeddable":true,"href":"https:\/\/www.caririemacao.com\/1\/wp-json\/wp\/v2\/tags?post=42209"}],"curies":[{"name":"wp","href":"https:\/\/api.w.org\/{rel}","templated":true}]}}