{"id":42212,"date":"2018-02-26T08:51:32","date_gmt":"2018-02-26T11:51:32","guid":{"rendered":"http:\/\/caririemacao.com\/1\/?p=42212"},"modified":"2018-02-26T08:51:32","modified_gmt":"2018-02-26T11:51:32","slug":"saude-de-sume-inscreve-para-eleicao-de-membros-do-conselho-municipal-de-saude","status":"publish","type":"post","link":"https:\/\/www.caririemacao.com\/1\/2018\/02\/26\/saude-de-sume-inscreve-para-eleicao-de-membros-do-conselho-municipal-de-saude\/","title":{"rendered":"Sa\u00fade de Sum\u00e9 inscreve para elei\u00e7\u00e3o de membros do Conselho Municipal de Sa\u00fade"},"content":{"rendered":"<p>O Conselho Municipal de Sa\u00fade de Sum\u00e9 comunica que est\u00e3o abertas as inscri\u00e7\u00f5es para a elei\u00e7\u00e3o das entidades e movimentos sociais que far\u00e3o parte do Conselho Municipal de Sa\u00fade de Sum\u00e9 para o bi\u00eanio 2018\/2019.<\/p>\n<p>Os interessados em concorrer \u00e0 elei\u00e7\u00e3o devem se inscrever de 26 de fevereiro at\u00e9 14 de mar\u00e7o, na Secretaria de Sa\u00fade de Sum\u00e9, das 07h \u00e0s13h, devendo levar no ato da inscri\u00e7\u00e3o os seguintes documentos:<\/p>\n<p>I \u2013\u00a0<u>Entidades Representativas de Trabalhadores da \u00c1rea de Sa\u00fade<\/u>:<\/p>\n<ol>\n<li>a) c\u00f3pia autenticada da ata da reuni\u00e3o que indica os representantes;<\/li>\n<li>b) termo de indica\u00e7\u00e3o do titular e respectivo suplente que representar\u00e3o a entidade, subscrito pelo representante legal da Entidade;<\/li>\n<li>c) c\u00f3pia da c\u00e9dula de identidade e CPF do delegado titular e suplente.<\/li>\n<\/ol>\n<p>II \u2013\u00a0<u>Entidades e Movimentos Sociais:<\/u><\/p>\n<ol>\n<li>a) c\u00f3pia autenticada da ata de funda\u00e7\u00e3o;<\/li>\n<li>b) termo de indica\u00e7\u00e3o do titular e respectivo suplente que representar\u00e3o a Entidade ou Movimento social, subscrito pelo representante legal da Entidade;<\/li>\n<li>c) c\u00f3pia da c\u00e9dula de identidade e CPF do titular e do suplente.<\/li>\n<\/ol>\n<p>III \u2013\u00a0<u>Entidades Prestadoras de Servi\u00e7os de Sa\u00fade<\/u><\/p>\n<ol>\n<li>a) CNPJ da entidade\u00a0<strong>(<\/strong>Comprovante de Inscri\u00e7\u00e3o e de Situa\u00e7\u00e3o Cadastral na Receita Federal);<\/li>\n<li>b) Termo de indica\u00e7\u00e3o do titular e respectivo suplente que representar\u00e3o a Entidade, subscrito pelo representante legal da Entidade (firma reconhecida em cart\u00f3rio); e<\/li>\n<li>c) C\u00f3pia da c\u00e9dula de identidade do titular e do suplente.<\/li>\n<\/ol>\n<p>A listagem das entidades e movimentos sociais inscritos para o processo eleitoral, ser\u00e1 afixada no mural da Secretaria Executiva do Conselho Municipal de Sa\u00fade e divulgada na p\u00e1gina eletr\u00f4nica da Prefeitura Municipal de Sum\u00e9 (www.sume.pb.gov.br), no dia 21 de mar\u00e7o de 2018.<\/p>\n<p><strong>CARIRI EM A\u00c7\u00c3O<\/strong><\/p>\n<p><em>Com Ascom\/Foto: Reprodu\u00e7\u00e3o google<\/em><\/p>\n<p><strong>Leia mais not\u00edcias em\u00a0<\/strong><a href=\"http:\/\/www.caririemacao.com\/\"><strong>caririemacao.com<\/strong><\/a><strong>, siga nossa p\u00e1gina no\u00a0<\/strong><a href=\"https:\/\/www.facebook.com\/CaririEmAcao\/?ref=aymt_homepage_panel\"><strong>Facebook<\/strong><\/a>,<strong>\u00a0<\/strong><a href=\"https:\/\/www.instagram.com\/cariri_em_acao\/?hl=pt-br\"><strong>Instagram<\/strong><\/a><strong>\u00a0e\u00a0<\/strong><a href=\"https:\/\/www.youtube.com\/channel\/UCAptA0jQuYQy8vMhLt2m4qg\"><strong>Youtube<\/strong><\/a><strong>\u00a0e veja nossas mat\u00e9rias, v\u00eddeos e fotos. Voc\u00ea tamb\u00e9m pode enviar informa\u00e7\u00f5es \u00e0 Reda\u00e7\u00e3o do Portal Cariri em A\u00e7\u00e3o pelo WhatsApp (83) 9 9634.5791, (83) 9 9601-1162.<\/strong><\/p>\n","protected":false},"excerpt":{"rendered":"<p>O Conselho Municipal de Sa\u00fade de Sum\u00e9 comunica que est\u00e3o abertas as inscri\u00e7\u00f5es para a elei\u00e7\u00e3o das entidades e movimentos sociais que far\u00e3o parte do&hellip; <\/p>\n","protected":false},"author":2,"featured_media":14146,"comment_status":"closed","ping_status":"closed","sticky":false,"template":"","format":"standard","meta":{"sfsi_plus_gutenberg_text_before_share":"","sfsi_plus_gutenberg_show_text_before_share":"","sfsi_plus_gutenberg_icon_type":"","sfsi_plus_gutenberg_icon_alignemt":"","sfsi_plus_gutenburg_max_per_row":"","footnotes":""},"categories":[6],"tags":[],"class_list":["post-42212","post","type-post","status-publish","format-standard","has-post-thumbnail","hentry","category-cidades"],"_links":{"self":[{"href":"https:\/\/www.caririemacao.com\/1\/wp-json\/wp\/v2\/posts\/42212","targetHints":{"allow":["GET"]}}],"collection":[{"href":"https:\/\/www.caririemacao.com\/1\/wp-json\/wp\/v2\/posts"}],"about":[{"href":"https:\/\/www.caririemacao.com\/1\/wp-json\/wp\/v2\/types\/post"}],"author":[{"embeddable":true,"href":"https:\/\/www.caririemacao.com\/1\/wp-json\/wp\/v2\/users\/2"}],"replies":[{"embeddable":true,"href":"https:\/\/www.caririemacao.com\/1\/wp-json\/wp\/v2\/comments?post=42212"}],"version-history":[{"count":0,"href":"https:\/\/www.caririemacao.com\/1\/wp-json\/wp\/v2\/posts\/42212\/revisions"}],"wp:featuredmedia":[{"embeddable":true,"href":"https:\/\/www.caririemacao.com\/1\/wp-json\/wp\/v2\/media\/14146"}],"wp:attachment":[{"href":"https:\/\/www.caririemacao.com\/1\/wp-json\/wp\/v2\/media?parent=42212"}],"wp:term":[{"taxonomy":"category","embeddable":true,"href":"https:\/\/www.caririemacao.com\/1\/wp-json\/wp\/v2\/categories?post=42212"},{"taxonomy":"post_tag","embeddable":true,"href":"https:\/\/www.caririemacao.com\/1\/wp-json\/wp\/v2\/tags?post=42212"}],"curies":[{"name":"wp","href":"https:\/\/api.w.org\/{rel}","templated":true}]}}