{"id":42221,"date":"2018-02-26T12:56:00","date_gmt":"2018-02-26T15:56:00","guid":{"rendered":"http:\/\/caririemacao.com\/1\/?p=42221"},"modified":"2018-02-26T12:56:01","modified_gmt":"2018-02-26T15:56:01","slug":"curso-de-caprinocultura-teve-inicio-nesta-semana-em-gurjao","status":"publish","type":"post","link":"https:\/\/www.caririemacao.com\/1\/2018\/02\/26\/curso-de-caprinocultura-teve-inicio-nesta-semana-em-gurjao\/","title":{"rendered":"Curso de Caprinocultura teve in\u00edcio nesta semana em Gurj\u00e3o"},"content":{"rendered":"<p class=\"m_-6851957258452601687x_MsoNormal\">A Prefeitura de Gurj\u00e3o em parceria com o Pronatec e Emepa trouxe ao munic\u00edpio de Gurj\u00e3o o curso de Caprinocultura, s\u00e3o 30 alunos do pr\u00f3prio munic\u00edpio onde a Prefeitura entra com a alimenta\u00e7\u00e3o, transportes dos alunos, al\u00e9m de uma bolsa mensal para incentivo dos alunos, o curso tem a dura\u00e7\u00e3o de 200 horas aulas em 3 meses e 2 vezes por semana.<\/p>\n<p class=\"m_-6851957258452601687x_MsoNormal\">O Secret\u00e1rio de Desenvolvimento Rural Orlando Junior falou sobre o curso \u201ccomo somos conhecedores a caprinocultura\u00a0\u00e9 uma das atividades de maior de relev\u00e2ncia social da regi\u00e3o do Cariri , embora, em muitos casos, seja conduzida em n\u00edveis de baixa tecnologia, resultando em baixa produtividade dos rebanhos, esse curso aborda tecnologias simples, adaptadas \u00e0 realidade do agricultor familiar da regi\u00e3o, que uma vez adotadas, permitem melhorias de desempenho e qualidade dos rebanhos\u201d.<\/p>\n<p class=\"m_-6851957258452601687x_MsoNormal\"><a href=\"http:\/\/caririemacao.com\/1\/wp-content\/uploads\/2018\/02\/CURSOCAPRINOCILTURA-1.jpg\"><img fetchpriority=\"high\" decoding=\"async\" class=\"aligncenter wp-image-42223 size-full\" src=\"http:\/\/caririemacao.com\/1\/wp-content\/uploads\/2018\/02\/CURSOCAPRINOCILTURA-1.jpg\" alt=\"\" width=\"600\" height=\"398\" srcset=\"https:\/\/www.caririemacao.com\/1\/wp-content\/uploads\/2018\/02\/CURSOCAPRINOCILTURA-1.jpg 600w, https:\/\/www.caririemacao.com\/1\/wp-content\/uploads\/2018\/02\/CURSOCAPRINOCILTURA-1-300x199.jpg 300w\" sizes=\"(max-width: 600px) 100vw, 600px\" \/><\/a><\/p>\n<p class=\"m_-6851957258452601687x_MsoNormal\">\u201cCaprinos e ovinos, principalmente, na regi\u00e3o do Cariri, t\u00eam uma grande import\u00e2ncia econ\u00f4mica e social para os agricultores, e os caprinos e ovinos s\u00e3o utilizados para o consumo das fam\u00edlias, podendo ainda serem comercializados com facilidade nos mercados regionais, pensando nisso a Prefeitura de Gurj\u00e3o vem aprimorando nossos criadores, trazendo um curso desse onde vamos aqui deixar pessoas com conhecimento para cuidar sempre e preservar seu rebanho\u201d, completou Ronaldo Queiroz.<\/p>\n<p><strong>CARIRI EM A\u00c7\u00c3O<\/strong><\/p>\n<p><em>Com Ascom\/Foto:Divulga\u00e7\u00e3o \u00a0<\/em><\/p>\n<p><strong>Leia mais not\u00edcias em\u00a0<\/strong><a href=\"http:\/\/www.caririemacao.com\/\"><strong>caririemacao.com<\/strong><\/a><strong>, siga nossa p\u00e1gina no\u00a0<\/strong><a href=\"https:\/\/www.facebook.com\/CaririEmAcao\/?ref=aymt_homepage_panel\"><strong>Facebook<\/strong><\/a>,<strong>\u00a0<\/strong><a href=\"https:\/\/www.instagram.com\/cariri_em_acao\/?hl=pt-br\"><strong>Instagram<\/strong><\/a><strong>\u00a0e <\/strong><a href=\"https:\/\/www.youtube.com\/channel\/UCAptA0jQuYQy8vMhLt2m4qg\"><strong>Youtube<\/strong><\/a><strong>\u00a0e veja nossas mat\u00e9rias, v\u00eddeos e fotos. Voc\u00ea tamb\u00e9m pode enviar informa\u00e7\u00f5es \u00e0 Reda\u00e7\u00e3o do Portal Cariri em A\u00e7\u00e3o pelo WhatsApp (83) 9 9634.5791, (83) 9 9601-1162.<\/strong><\/p>\n","protected":false},"excerpt":{"rendered":"<p>A Prefeitura de Gurj\u00e3o em parceria com o Pronatec e Emepa trouxe ao munic\u00edpio de Gurj\u00e3o o curso de Caprinocultura, s\u00e3o 30 alunos do pr\u00f3prio&hellip; <\/p>\n","protected":false},"author":2,"featured_media":42222,"comment_status":"closed","ping_status":"closed","sticky":false,"template":"","format":"standard","meta":{"sfsi_plus_gutenberg_text_before_share":"","sfsi_plus_gutenberg_show_text_before_share":"","sfsi_plus_gutenberg_icon_type":"","sfsi_plus_gutenberg_icon_alignemt":"","sfsi_plus_gutenburg_max_per_row":"","footnotes":""},"categories":[6],"tags":[],"class_list":["post-42221","post","type-post","status-publish","format-standard","has-post-thumbnail","hentry","category-cidades"],"_links":{"self":[{"href":"https:\/\/www.caririemacao.com\/1\/wp-json\/wp\/v2\/posts\/42221","targetHints":{"allow":["GET"]}}],"collection":[{"href":"https:\/\/www.caririemacao.com\/1\/wp-json\/wp\/v2\/posts"}],"about":[{"href":"https:\/\/www.caririemacao.com\/1\/wp-json\/wp\/v2\/types\/post"}],"author":[{"embeddable":true,"href":"https:\/\/www.caririemacao.com\/1\/wp-json\/wp\/v2\/users\/2"}],"replies":[{"embeddable":true,"href":"https:\/\/www.caririemacao.com\/1\/wp-json\/wp\/v2\/comments?post=42221"}],"version-history":[{"count":0,"href":"https:\/\/www.caririemacao.com\/1\/wp-json\/wp\/v2\/posts\/42221\/revisions"}],"wp:featuredmedia":[{"embeddable":true,"href":"https:\/\/www.caririemacao.com\/1\/wp-json\/wp\/v2\/media\/42222"}],"wp:attachment":[{"href":"https:\/\/www.caririemacao.com\/1\/wp-json\/wp\/v2\/media?parent=42221"}],"wp:term":[{"taxonomy":"category","embeddable":true,"href":"https:\/\/www.caririemacao.com\/1\/wp-json\/wp\/v2\/categories?post=42221"},{"taxonomy":"post_tag","embeddable":true,"href":"https:\/\/www.caririemacao.com\/1\/wp-json\/wp\/v2\/tags?post=42221"}],"curies":[{"name":"wp","href":"https:\/\/api.w.org\/{rel}","templated":true}]}}