{"id":42240,"date":"2018-02-26T15:48:23","date_gmt":"2018-02-26T18:48:23","guid":{"rendered":"http:\/\/caririemacao.com\/1\/?p=42240"},"modified":"2018-02-26T21:54:59","modified_gmt":"2018-02-27T00:54:59","slug":"prefeitura-de-camalau-adquire-equipamentos-para-limpeza-urbana","status":"publish","type":"post","link":"https:\/\/www.caririemacao.com\/1\/2018\/02\/26\/prefeitura-de-camalau-adquire-equipamentos-para-limpeza-urbana\/","title":{"rendered":"Prefeitura de Camala\u00fa adquire equipamentos para limpeza urbana"},"content":{"rendered":"<p>Pensando em melhorar os servi\u00e7os de limpeza urbana, a Prefeitura Municipal de Camala\u00fa adquiriu novos equipamentos para o munic\u00edpio.<\/p>\n<p><a href=\"http:\/\/caririemacao.com\/1\/wp-content\/uploads\/2018\/02\/IMG-20180226-WA0037.jpg\"><img fetchpriority=\"high\" decoding=\"async\" class=\"alignright size-medium wp-image-42267\" src=\"http:\/\/caririemacao.com\/1\/wp-content\/uploads\/2018\/02\/IMG-20180226-WA0037-300x169.jpg\" alt=\"\" width=\"300\" height=\"169\" srcset=\"https:\/\/www.caririemacao.com\/1\/wp-content\/uploads\/2018\/02\/IMG-20180226-WA0037-300x169.jpg 300w, https:\/\/www.caririemacao.com\/1\/wp-content\/uploads\/2018\/02\/IMG-20180226-WA0037-768x432.jpg 768w, https:\/\/www.caririemacao.com\/1\/wp-content\/uploads\/2018\/02\/IMG-20180226-WA0037-1024x576.jpg 1024w, https:\/\/www.caririemacao.com\/1\/wp-content\/uploads\/2018\/02\/IMG-20180226-WA0037.jpg 1280w\" sizes=\"(max-width: 300px) 100vw, 300px\" \/><\/a><\/p>\n<p><a href=\"http:\/\/caririemacao.com\/1\/wp-content\/uploads\/2018\/02\/afdbea9a-390c-4bb9-bb8d-13d8bbf86dae.jpg\"><img decoding=\"async\" class=\"aligncenter size-full wp-image-42241 lazyload\" data-src=\"http:\/\/caririemacao.com\/1\/wp-content\/uploads\/2018\/02\/afdbea9a-390c-4bb9-bb8d-13d8bbf86dae.jpg\" alt=\"\" width=\"800\" height=\"495\" data-srcset=\"https:\/\/www.caririemacao.com\/1\/wp-content\/uploads\/2018\/02\/afdbea9a-390c-4bb9-bb8d-13d8bbf86dae.jpg 800w, https:\/\/www.caririemacao.com\/1\/wp-content\/uploads\/2018\/02\/afdbea9a-390c-4bb9-bb8d-13d8bbf86dae-300x186.jpg 300w, https:\/\/www.caririemacao.com\/1\/wp-content\/uploads\/2018\/02\/afdbea9a-390c-4bb9-bb8d-13d8bbf86dae-768x475.jpg 768w\" data-sizes=\"(max-width: 800px) 100vw, 800px\" src=\"data:image\/svg+xml;base64,PHN2ZyB3aWR0aD0iMSIgaGVpZ2h0PSIxIiB4bWxucz0iaHR0cDovL3d3dy53My5vcmcvMjAwMC9zdmciPjwvc3ZnPg==\" style=\"--smush-placeholder-width: 800px; --smush-placeholder-aspect-ratio: 800\/495;\" \/><\/a><br \/>\nTrata-se de v\u00e1rios tambores coletores de lixo que vai dar agilidade na destina\u00e7\u00e3o dos res\u00edduos s\u00f3lidos.<br \/>\nO prefeito Sandro M\u00f4co disse que tem buscado a cada dia investir no servi\u00e7o p\u00fablico de qualidade para a popula\u00e7\u00e3o.<br \/>\nEle aproveita e pede as pessoas que coloquem o lixo no local correto dos tambores, ajudando na limpeza da cidade.<\/p>\n<p><strong>CARIRI EM A\u00c7\u00c3O<\/strong><\/p>\n<p><strong>Leia mais not\u00edcias em\u00a0<\/strong><a href=\"http:\/\/www.caririemacao.com\/\"><strong>caririemacao.com<\/strong><\/a><strong>, siga nossa p\u00e1gina no\u00a0<\/strong><a href=\"https:\/\/www.facebook.com\/CaririEmAcao\/?ref=aymt_homepage_panel\"><strong>Facebook<\/strong><\/a>,<strong>\u00a0<\/strong><a href=\"https:\/\/www.instagram.com\/cariri_em_acao\/?hl=pt-br\"><strong>Instagram<\/strong><\/a><strong>\u00a0e <\/strong><a href=\"https:\/\/www.youtube.com\/channel\/UCAptA0jQuYQy8vMhLt2m4qg\"><strong>Youtube<\/strong><\/a><strong>\u00a0e veja nossas mat\u00e9rias, v\u00eddeos e fotos. Voc\u00ea tamb\u00e9m pode enviar informa\u00e7\u00f5es \u00e0 Reda\u00e7\u00e3o do Portal Cariri em A\u00e7\u00e3o pelo WhatsApp (83) 9 9634.5791, (83) 9 9601-1162.<\/strong><\/p>\n","protected":false},"excerpt":{"rendered":"<p>Pensando em melhorar os servi\u00e7os de limpeza urbana, a Prefeitura Municipal de Camala\u00fa adquiriu novos equipamentos para o munic\u00edpio. Trata-se de v\u00e1rios tambores coletores de&hellip; <\/p>\n","protected":false},"author":2,"featured_media":42242,"comment_status":"closed","ping_status":"closed","sticky":false,"template":"","format":"standard","meta":{"sfsi_plus_gutenberg_text_before_share":"","sfsi_plus_gutenberg_show_text_before_share":"","sfsi_plus_gutenberg_icon_type":"","sfsi_plus_gutenberg_icon_alignemt":"","sfsi_plus_gutenburg_max_per_row":"","footnotes":""},"categories":[6],"tags":[],"class_list":["post-42240","post","type-post","status-publish","format-standard","has-post-thumbnail","hentry","category-cidades"],"_links":{"self":[{"href":"https:\/\/www.caririemacao.com\/1\/wp-json\/wp\/v2\/posts\/42240","targetHints":{"allow":["GET"]}}],"collection":[{"href":"https:\/\/www.caririemacao.com\/1\/wp-json\/wp\/v2\/posts"}],"about":[{"href":"https:\/\/www.caririemacao.com\/1\/wp-json\/wp\/v2\/types\/post"}],"author":[{"embeddable":true,"href":"https:\/\/www.caririemacao.com\/1\/wp-json\/wp\/v2\/users\/2"}],"replies":[{"embeddable":true,"href":"https:\/\/www.caririemacao.com\/1\/wp-json\/wp\/v2\/comments?post=42240"}],"version-history":[{"count":0,"href":"https:\/\/www.caririemacao.com\/1\/wp-json\/wp\/v2\/posts\/42240\/revisions"}],"wp:featuredmedia":[{"embeddable":true,"href":"https:\/\/www.caririemacao.com\/1\/wp-json\/wp\/v2\/media\/42242"}],"wp:attachment":[{"href":"https:\/\/www.caririemacao.com\/1\/wp-json\/wp\/v2\/media?parent=42240"}],"wp:term":[{"taxonomy":"category","embeddable":true,"href":"https:\/\/www.caririemacao.com\/1\/wp-json\/wp\/v2\/categories?post=42240"},{"taxonomy":"post_tag","embeddable":true,"href":"https:\/\/www.caririemacao.com\/1\/wp-json\/wp\/v2\/tags?post=42240"}],"curies":[{"name":"wp","href":"https:\/\/api.w.org\/{rel}","templated":true}]}}