{"id":42244,"date":"2018-02-26T16:08:15","date_gmt":"2018-02-26T19:08:15","guid":{"rendered":"http:\/\/caririemacao.com\/1\/?p=42244"},"modified":"2018-02-26T16:15:34","modified_gmt":"2018-02-26T19:15:34","slug":"deputado-revela-que-cartaxo-esperava-ate-ontem-apoios-de-partidos-e-avalia-perdeu-tempo","status":"publish","type":"post","link":"https:\/\/www.caririemacao.com\/1\/2018\/02\/26\/deputado-revela-que-cartaxo-esperava-ate-ontem-apoios-de-partidos-e-avalia-perdeu-tempo\/","title":{"rendered":"Deputado revela que Cartaxo esperava at\u00e9 ontem apoios de partidos e avalia: &#8216;Perdeu tempo&#8217;"},"content":{"rendered":"<div class=\"noticiacorpo\">\n<p>O presidente do PRB e deputado estadual Jutay Meneses revelou nesta segunda-feira (26) que o partido poder\u00e1 receber a filia\u00e7\u00e3o do deputado federal Hugo Motta (MDB) durante a janela partid\u00e1ria. Ele confidenciou ainda que o prefeito de Jo\u00e3o Pessoa, Luciano Cartaxo (PSD), aguardava at\u00e9 ontem defini\u00e7\u00f5es dos partidos sobre apoios a sua pr\u00e9-candidatura a governador.<\/p>\n<p>De acordo com Jutay Meneses, a dire\u00e7\u00e3o nacional do PRB o sondou no final do ano passado sobre a possibilidade de filiar Hugo Motta \u00e0 legenda.<\/p>\n<p>\u201cEstou aguardando a defini\u00e7\u00e3o do deputado. As portas do PRB est\u00e3o abertas, fiz o convite a ele em 2014 e a vinda dele seria de forma amig\u00e1vel e somaria ao partido, j\u00e1 que ele traria lideran\u00e7as\u201d, analisou.<\/p>\n<p>O parlamentar reafirmou, por\u00e9m, que sua pr\u00e9-candidatura a deputado federal independe da filia\u00e7\u00e3o ou n\u00e3o de Hugo Motta.<\/p>\n<p>\u201cO projeto n\u00e3o \u00e9 meu, mas do grupo. At\u00e9 aceitaria abrir m\u00e3o da candidatura de deputado federal ou estadual para coordenar as campanhas e fortalecer o partido, mas mantenho a postula\u00e7\u00e3o porque n\u00e3o s\u00f3 tenho o apoio da Igreja Universal, mas de v\u00e1rias lideran\u00e7as sindicais\u201d, observou.<\/p>\n<p>Jutay analisou tamb\u00e9m que a pr\u00e9-candidatura do senador Jos\u00e9 Maranh\u00e3o (MDB) a governador dever\u00e1 levar as elei\u00e7\u00f5es para o segundo turno e prejudica a unidade das oposi\u00e7\u00f5es. Para ele, o prefeito Luciano Cartaxo (PSD) perdeu o \u2018timing\u2019 ao n\u00e3o colocar o bloco na rua no momento oportuno.<\/p>\n<p>\u201cCartaxo, sabemos que \u00e9 pr\u00e9-candidato, mas n\u00e3o teve, talvez, a mesma firmeza que teve o senador Maranh\u00e3o de dizer que \u00e9 candidato, a auto-estima de considerar que tem potencial. Ele perdeu o tempo, assim como Romero Rodrigues que a essa altura n\u00e3o \u00e9 mais candidato ao governo\u201d, avaliou.<\/p>\n<p>Ele afirmou que aguarda uma posi\u00e7\u00e3o de Luciano Cartaxo que teria esperado at\u00e9 ontem manifesta\u00e7\u00f5es de apoio a sua pretens\u00e3o de disputar o governo do estado.<\/p>\n<p>Por fim, o deputado disse que dever\u00e1 se reunir com a dire\u00e7\u00e3o nacional do PRB essa semana em Bras\u00edlia para discutir a conjuntura pol\u00edtica atual da Para\u00edba ao admitir que poder\u00e1 reavaliar o apoio da legenda \u00e0 chapa majorit\u00e1ria.<\/p>\n<p><strong>CARIRI EM A\u00c7\u00c3O<\/strong><\/p>\n<p><em>Com Para\u00edba.com.br\/Foto: Reprodu\u00e7\u00e3o Internet<\/em><\/p>\n<p><strong>Leia mais not\u00edcias em\u00a0<\/strong><a href=\"http:\/\/www.caririemacao.com\/\"><strong>caririemacao.com<\/strong><\/a><strong>, siga nossa p\u00e1gina no\u00a0<\/strong><a href=\"https:\/\/www.facebook.com\/CaririEmAcao\/?ref=aymt_homepage_panel\"><strong>Facebook<\/strong><\/a>,<strong>\u00a0<\/strong><a href=\"https:\/\/www.instagram.com\/cariri_em_acao\/?hl=pt-br\"><strong>Instagram<\/strong><\/a><strong>\u00a0e <\/strong><a href=\"https:\/\/www.youtube.com\/channel\/UCAptA0jQuYQy8vMhLt2m4qg\"><strong>Youtube<\/strong><\/a><strong>\u00a0e veja nossas mat\u00e9rias, v\u00eddeos e fotos. Voc\u00ea tamb\u00e9m pode enviar informa\u00e7\u00f5es \u00e0 Reda\u00e7\u00e3o do Portal Cariri em A\u00e7\u00e3o pelo WhatsApp (83) 9 9634.5791, (83) 9 9601-1162.<\/strong><\/p>\n<\/div>\n","protected":false},"excerpt":{"rendered":"<p>O presidente do PRB e deputado estadual Jutay Meneses revelou nesta segunda-feira (26) que o partido poder\u00e1 receber a filia\u00e7\u00e3o do deputado federal Hugo Motta&hellip; <\/p>\n","protected":false},"author":2,"featured_media":42245,"comment_status":"closed","ping_status":"closed","sticky":false,"template":"","format":"standard","meta":{"sfsi_plus_gutenberg_text_before_share":"","sfsi_plus_gutenberg_show_text_before_share":"","sfsi_plus_gutenberg_icon_type":"","sfsi_plus_gutenberg_icon_alignemt":"","sfsi_plus_gutenburg_max_per_row":"","footnotes":""},"categories":[11],"tags":[],"class_list":["post-42244","post","type-post","status-publish","format-standard","has-post-thumbnail","hentry","category-politica"],"_links":{"self":[{"href":"https:\/\/www.caririemacao.com\/1\/wp-json\/wp\/v2\/posts\/42244","targetHints":{"allow":["GET"]}}],"collection":[{"href":"https:\/\/www.caririemacao.com\/1\/wp-json\/wp\/v2\/posts"}],"about":[{"href":"https:\/\/www.caririemacao.com\/1\/wp-json\/wp\/v2\/types\/post"}],"author":[{"embeddable":true,"href":"https:\/\/www.caririemacao.com\/1\/wp-json\/wp\/v2\/users\/2"}],"replies":[{"embeddable":true,"href":"https:\/\/www.caririemacao.com\/1\/wp-json\/wp\/v2\/comments?post=42244"}],"version-history":[{"count":0,"href":"https:\/\/www.caririemacao.com\/1\/wp-json\/wp\/v2\/posts\/42244\/revisions"}],"wp:featuredmedia":[{"embeddable":true,"href":"https:\/\/www.caririemacao.com\/1\/wp-json\/wp\/v2\/media\/42245"}],"wp:attachment":[{"href":"https:\/\/www.caririemacao.com\/1\/wp-json\/wp\/v2\/media?parent=42244"}],"wp:term":[{"taxonomy":"category","embeddable":true,"href":"https:\/\/www.caririemacao.com\/1\/wp-json\/wp\/v2\/categories?post=42244"},{"taxonomy":"post_tag","embeddable":true,"href":"https:\/\/www.caririemacao.com\/1\/wp-json\/wp\/v2\/tags?post=42244"}],"curies":[{"name":"wp","href":"https:\/\/api.w.org\/{rel}","templated":true}]}}