{"id":42251,"date":"2018-02-26T16:19:20","date_gmt":"2018-02-26T19:19:20","guid":{"rendered":"http:\/\/caririemacao.com\/1\/?p=42251"},"modified":"2018-02-26T16:19:20","modified_gmt":"2018-02-26T19:19:20","slug":"envelhecimento-do-eleitorado-explica-1-4-da-abstencao","status":"publish","type":"post","link":"https:\/\/www.caririemacao.com\/1\/2018\/02\/26\/envelhecimento-do-eleitorado-explica-1-4-da-abstencao\/","title":{"rendered":"Envelhecimento do eleitorado explica 1\/4 da absten\u00e7\u00e3o"},"content":{"rendered":"<p>Nas elei\u00e7\u00f5es de 2014 &#8211; as primeiras desde a onda de protestos que marcou o ano anterior -, a taxa de absten\u00e7\u00e3o foi a mais alta desde 1998. Parte significativa desse fen\u00f4meno n\u00e3o teve rela\u00e7\u00e3o direta com revolta ou desencanto com a pol\u00edtica, mas com um processo natural: o envelhecimento do eleitorado. Esse fator ter\u00e1 um peso ainda maior na vota\u00e7\u00e3o deste ano.<\/p>\n<p>N\u00fameros do Tribunal Superior Eleitoral (TSE) obtidos pelo Estad\u00e3o Dados revelam que o comparecimento \u00e0s urnas desaba depois que os eleitores completam 70 anos, idade em que o voto passa a ser opcional. Em alguns Estados, a taxa de absten\u00e7\u00e3o nessa faixa et\u00e1ria \u00e9 mais do que o triplo da registrada entre quem tem 18 e 69 anos.<\/p>\n<p>No caso da mais recente elei\u00e7\u00e3o presidencial, a idade explica 25% da absten\u00e7\u00e3o: um em cada quatro dos eleitores que n\u00e3o apareceram para votar tinha mais de 70 anos, segundo os dados do TSE referentes ao primeiro turno. Em n\u00fameros absolutos, foram quase 6,9 milh\u00f5es de idosos ausentes.<\/p>\n<p>Est\u00e3o inclu\u00eddos nessa conta os idosos que ainda constam do cadastro de votantes, mas que j\u00e1 faleceram ou mudaram de cidade &#8211; uma quantidade desconhecida, que \u00e9 expurgada de tempos em tempos dos registros oficiais, quando os eleitores s\u00e3o convocados a se recadastrar.<\/p>\n<p><b>Tend\u00eancia<\/b><\/p>\n<p>Como a propor\u00e7\u00e3o de idosos no Brasil aumenta com o decorrer do tempo, o fator idade ter\u00e1 um peso ainda mais significativo na taxa de absten\u00e7\u00e3o da elei\u00e7\u00e3o deste ano.<\/p>\n<p>Nas \u00faltimas duas d\u00e9cadas, quase dobrou a propor\u00e7\u00e3o de idosos desobrigados de votar no universo total do eleitorado. Em 1998, os eleitores com mais de 70 anos eram 5,7%. Dez anos depois, eles eram 6,4%. Agora, s\u00e3o 8,2%, segundo dados do TSE relativos a janeiro deste ano. A tend\u00eancia \u00e9 de acelera\u00e7\u00e3o da concentra\u00e7\u00e3o no topo da pir\u00e2mide et\u00e1ria.<\/p>\n<p>O detalhamento da taxa de absten\u00e7\u00e3o segundo as faixas de idade revela como a obrigatoriedade do voto \u00e9 um fator de extrema relev\u00e2ncia no comparecimento \u00e0s urnas. A legisla\u00e7\u00e3o determina que s\u00f3 est\u00e3o desobrigados de votar os analfabetos, os jovens de 16 e 17 anos e os idosos com 70 anos ou mais.<\/p>\n<p>No primeiro turno de 2014, 64% dos eleitores com mais de 70 anos n\u00e3o apareceram para votar, de acordo com o TSE. Na faixa entre 60 e 69 anos &#8211; tamb\u00e9m composta por idosos, mas ainda obrigados a ir \u00e0s urnas -, a taxa de absten\u00e7\u00e3o foi de apenas 16%. Tamb\u00e9m foi de 16% a taxa do universo total obrigado a votar &#8211; de 18 a 69 anos -, o que indica que a absten\u00e7\u00e3o n\u00e3o sobe automaticamente com a idade, a n\u00e3o ser quando o patamar de 70 anos \u00e9 ultrapassado.<\/p>\n<p><b>Geografia do voto<\/b><\/p>\n<p>Nas distintas unidades da Federa\u00e7\u00e3o h\u00e1 varia\u00e7\u00f5es significativas nas taxas de aus\u00eancia dos idosos que podem optar por votar ou n\u00e3o. No topo do ranking est\u00e3o Par\u00e1 e Amazonas, onde sete de cada dez dos eleitores com mais de 70 anos n\u00e3o compareceram \u00e0s urnas.<\/p>\n<p>No outro extremo est\u00e3o Distrito Federal e Amap\u00e1, onde a taxa de absten\u00e7\u00e3o nessa faixa et\u00e1ria ficou bem mais baixa &#8211; em torno de 33%.<\/p>\n<p>Esses dois col\u00e9gios eleitorais passaram por um recadastramento biom\u00e9trico antes das elei\u00e7\u00f5es de 2014. A lista de votantes foi depurada dos mortos e tamb\u00e9m dos que, por estar desobrigados a votar, nem sequer foram aos cart\u00f3rios para renovar seus t\u00edtulos. Isso pode explicar a baixa absten\u00e7\u00e3o registrada entre os mais idosos aptos a votar.<\/p>\n<p>Estudo publicado em janeiro na revista cient\u00edfica Pol\u00edtical Analysis, dos pesquisadores Gabriel Cepaluni e Daniel Hidalgo, tamb\u00e9m constatou diferen\u00e7as significativas n o comparecimento de eleitores obrigados ou n\u00e3o a votar, analisando as faixas com 69 e 70 anos. A an\u00e1lise foi feita com dados referentes ao primeiro turno das elei\u00e7\u00f5es municipais de 2012 e levou em considera\u00e7\u00e3o a totalidade do cadastro eleitoral vigente em 2015, com mais de 140 milh\u00f5es de votantes registrados.<\/p>\n<p><strong>CARIRI EM A\u00c7\u00c3O<\/strong><\/p>\n<p><em>Com O Estado de S. Paulo \/Foto: Divulga\u00e7\u00e3o \u00a0<\/em><\/p>\n<p><strong>Leia mais not\u00edcias em\u00a0<\/strong><a href=\"http:\/\/www.caririemacao.com\/\"><strong>caririemacao.com<\/strong><\/a><strong>, siga nossa p\u00e1gina no\u00a0<\/strong><a href=\"https:\/\/www.facebook.com\/CaririEmAcao\/?ref=aymt_homepage_panel\"><strong>Facebook<\/strong><\/a>,<strong>\u00a0<\/strong><a href=\"https:\/\/www.instagram.com\/cariri_em_acao\/?hl=pt-br\"><strong>Instagram<\/strong><\/a><strong>\u00a0e <\/strong><a href=\"https:\/\/www.youtube.com\/channel\/UCAptA0jQuYQy8vMhLt2m4qg\"><strong>Youtube<\/strong><\/a><strong>\u00a0e veja nossas mat\u00e9rias, v\u00eddeos e fotos. Voc\u00ea tamb\u00e9m pode enviar informa\u00e7\u00f5es \u00e0 Reda\u00e7\u00e3o do Portal Cariri em A\u00e7\u00e3o pelo WhatsApp (83) 9 9634.5791, (83) 9 9601-1162.<\/strong><\/p>\n","protected":false},"excerpt":{"rendered":"<p>Nas elei\u00e7\u00f5es de 2014 &#8211; as primeiras desde a onda de protestos que marcou o ano anterior -, a taxa de absten\u00e7\u00e3o foi a mais&hellip; <\/p>\n","protected":false},"author":2,"featured_media":42252,"comment_status":"closed","ping_status":"closed","sticky":false,"template":"","format":"standard","meta":{"sfsi_plus_gutenberg_text_before_share":"","sfsi_plus_gutenberg_show_text_before_share":"","sfsi_plus_gutenberg_icon_type":"","sfsi_plus_gutenberg_icon_alignemt":"","sfsi_plus_gutenburg_max_per_row":"","footnotes":""},"categories":[1],"tags":[],"class_list":["post-42251","post","type-post","status-publish","format-standard","has-post-thumbnail","hentry","category-o-site"],"_links":{"self":[{"href":"https:\/\/www.caririemacao.com\/1\/wp-json\/wp\/v2\/posts\/42251","targetHints":{"allow":["GET"]}}],"collection":[{"href":"https:\/\/www.caririemacao.com\/1\/wp-json\/wp\/v2\/posts"}],"about":[{"href":"https:\/\/www.caririemacao.com\/1\/wp-json\/wp\/v2\/types\/post"}],"author":[{"embeddable":true,"href":"https:\/\/www.caririemacao.com\/1\/wp-json\/wp\/v2\/users\/2"}],"replies":[{"embeddable":true,"href":"https:\/\/www.caririemacao.com\/1\/wp-json\/wp\/v2\/comments?post=42251"}],"version-history":[{"count":0,"href":"https:\/\/www.caririemacao.com\/1\/wp-json\/wp\/v2\/posts\/42251\/revisions"}],"wp:featuredmedia":[{"embeddable":true,"href":"https:\/\/www.caririemacao.com\/1\/wp-json\/wp\/v2\/media\/42252"}],"wp:attachment":[{"href":"https:\/\/www.caririemacao.com\/1\/wp-json\/wp\/v2\/media?parent=42251"}],"wp:term":[{"taxonomy":"category","embeddable":true,"href":"https:\/\/www.caririemacao.com\/1\/wp-json\/wp\/v2\/categories?post=42251"},{"taxonomy":"post_tag","embeddable":true,"href":"https:\/\/www.caririemacao.com\/1\/wp-json\/wp\/v2\/tags?post=42251"}],"curies":[{"name":"wp","href":"https:\/\/api.w.org\/{rel}","templated":true}]}}