{"id":42258,"date":"2018-02-26T21:14:48","date_gmt":"2018-02-27T00:14:48","guid":{"rendered":"http:\/\/caririemacao.com\/1\/?p=42258"},"modified":"2018-02-26T21:14:48","modified_gmt":"2018-02-27T00:14:48","slug":"chuvas-no-cariri-aumentam-nivel-dagua-de-boqueirao-em-47-cm","status":"publish","type":"post","link":"https:\/\/www.caririemacao.com\/1\/2018\/02\/26\/chuvas-no-cariri-aumentam-nivel-dagua-de-boqueirao-em-47-cm\/","title":{"rendered":"Chuvas no Cariri aumentam n\u00edvel d\u2019\u00e1gua de Boqueir\u00e3o em 47 cm"},"content":{"rendered":"<p>O a\u00e7ude Epit\u00e1cio Pessoa amanheceu nesta segunda-feira (26) com um aumento de 3.628.199 m\u00b3 de \u00e1gua, que equivale a cerca de 47 cm a mais na linha d\u2019\u00e1gua. Agora, o reservat\u00f3rio concentra 11,82% de sua capacidade, em um total de 48.660.728 m\u00b3. Os dados s\u00e3o da Ag\u00eancia Executiva de Gest\u00e3o das \u00c1guas da Para\u00edba (Aesa).<\/p>\n<p>As chuvas no final de semana no Cariri paraibano foram a causa do aumento nas \u00e1guas do a\u00e7ude. No \u00faltimo s\u00e1bado (24), Boqueir\u00e3o recebeu 2.179.996 m\u00b3, e no domingo,\u00a01.448.203 m\u00b3. Atualmente, a vaz\u00e3o de \u00e1gua entrando pelo S\u00edtio Jacar\u00e9 \u00e9 de 21.12m\u00b3 por segundo.<\/p>\n<p>O presidente da Aesa, Jo\u00e3o Fernandes, contou que apesar das chuvas, a situa\u00e7\u00e3o do a\u00e7ude ainda \u00e9 cr\u00edtica. Segundo Jo\u00e3o, n\u00e3o h\u00e1 como prever quanto tempo Boqueir\u00e3o levar\u00e1 para ter seu abastecimento equilibrado.\u00a0O presidente afirma que as condi\u00e7\u00f5es do tempo podem ajudar na provis\u00e3o.<\/p>\n<p><strong>CARIRI EM A\u00c7\u00c3O<\/strong><\/p>\n<p><em>Com Mais PB\/Foto: Divulga\u00e7\u00e3o \u00a0<\/em><\/p>\n<p><strong>Leia mais not\u00edcias em\u00a0<\/strong><a href=\"http:\/\/www.caririemacao.com\/\"><strong>caririemacao.com<\/strong><\/a><strong>, siga nossa p\u00e1gina no\u00a0<\/strong><a href=\"https:\/\/www.facebook.com\/CaririEmAcao\/?ref=aymt_homepage_panel\"><strong>Facebook<\/strong><\/a>,<strong>\u00a0<\/strong><a href=\"https:\/\/www.instagram.com\/cariri_em_acao\/?hl=pt-br\"><strong>Instagram<\/strong><\/a><strong>\u00a0e\u00a0<\/strong><a href=\"https:\/\/www.youtube.com\/channel\/UCAptA0jQuYQy8vMhLt2m4qg\"><strong>Youtube<\/strong><\/a><strong>\u00a0e veja nossas mat\u00e9rias, v\u00eddeos e fotos. Voc\u00ea tamb\u00e9m pode enviar informa\u00e7\u00f5es \u00e0 Reda\u00e7\u00e3o do Portal Cariri em A\u00e7\u00e3o pelo WhatsApp (83) 9 9634.5791, (83) 9 9601-1162.<\/strong><\/p>\n","protected":false},"excerpt":{"rendered":"<p>O a\u00e7ude Epit\u00e1cio Pessoa amanheceu nesta segunda-feira (26) com um aumento de 3.628.199 m\u00b3 de \u00e1gua, que equivale a cerca de 47 cm a mais&hellip; <\/p>\n","protected":false},"author":2,"featured_media":42259,"comment_status":"closed","ping_status":"closed","sticky":false,"template":"","format":"standard","meta":{"sfsi_plus_gutenberg_text_before_share":"","sfsi_plus_gutenberg_show_text_before_share":"","sfsi_plus_gutenberg_icon_type":"","sfsi_plus_gutenberg_icon_alignemt":"","sfsi_plus_gutenburg_max_per_row":"","footnotes":""},"categories":[2],"tags":[],"class_list":["post-42258","post","type-post","status-publish","format-standard","has-post-thumbnail","hentry","category-geral"],"_links":{"self":[{"href":"https:\/\/www.caririemacao.com\/1\/wp-json\/wp\/v2\/posts\/42258","targetHints":{"allow":["GET"]}}],"collection":[{"href":"https:\/\/www.caririemacao.com\/1\/wp-json\/wp\/v2\/posts"}],"about":[{"href":"https:\/\/www.caririemacao.com\/1\/wp-json\/wp\/v2\/types\/post"}],"author":[{"embeddable":true,"href":"https:\/\/www.caririemacao.com\/1\/wp-json\/wp\/v2\/users\/2"}],"replies":[{"embeddable":true,"href":"https:\/\/www.caririemacao.com\/1\/wp-json\/wp\/v2\/comments?post=42258"}],"version-history":[{"count":0,"href":"https:\/\/www.caririemacao.com\/1\/wp-json\/wp\/v2\/posts\/42258\/revisions"}],"wp:featuredmedia":[{"embeddable":true,"href":"https:\/\/www.caririemacao.com\/1\/wp-json\/wp\/v2\/media\/42259"}],"wp:attachment":[{"href":"https:\/\/www.caririemacao.com\/1\/wp-json\/wp\/v2\/media?parent=42258"}],"wp:term":[{"taxonomy":"category","embeddable":true,"href":"https:\/\/www.caririemacao.com\/1\/wp-json\/wp\/v2\/categories?post=42258"},{"taxonomy":"post_tag","embeddable":true,"href":"https:\/\/www.caririemacao.com\/1\/wp-json\/wp\/v2\/tags?post=42258"}],"curies":[{"name":"wp","href":"https:\/\/api.w.org\/{rel}","templated":true}]}}