{"id":42275,"date":"2018-02-27T07:42:06","date_gmt":"2018-02-27T10:42:06","guid":{"rendered":"http:\/\/caririemacao.com\/1\/?p=42275"},"modified":"2018-02-27T07:52:39","modified_gmt":"2018-02-27T10:52:39","slug":"agricultor-tem-moto-roubada-em-cabaceiras","status":"publish","type":"post","link":"https:\/\/www.caririemacao.com\/1\/2018\/02\/27\/agricultor-tem-moto-roubada-em-cabaceiras\/","title":{"rendered":"Agricultor tem moto roubada em Cabaceiras"},"content":{"rendered":"<p>Mais um assalto foi registrado na manh\u00e3 desta ter\u00e7a-feira, dia 27, na cidade de Cabeceiras, no Cariri Paraibano.<\/p>\n<p>O assalto aconteceu quando dois agricultores estavam indo para o trabalho e na sa\u00edda da cidade de Cabaceiras com sentido a S\u00e3o Domingos do Cariri, 3 indiv\u00edduos abordaram e anunciaram o assalto.<\/p>\n<p>As v\u00edtimas Claudinho de Elizaldo e um amigo pararam a moto e n\u00e3o reagiram.<\/p>\n<p>Levaram a moto, capacete e uma quantia de R$ 200,00.<\/p>\n<p><strong>CARIRI EM A\u00c7\u00c3O<\/strong><em>\u00a0<\/em><\/p>\n<p><strong>Leia mais not\u00edcias em\u00a0<\/strong><a href=\"http:\/\/www.caririemacao.com\/\"><strong>caririemacao.com<\/strong><\/a><strong>, siga nossa p\u00e1gina no\u00a0<\/strong><a href=\"https:\/\/www.facebook.com\/CaririEmAcao\/?ref=aymt_homepage_panel\"><strong>Facebook<\/strong><\/a>,<strong>\u00a0<\/strong><a href=\"https:\/\/www.instagram.com\/cariri_em_acao\/?hl=pt-br\"><strong>Instagram<\/strong><\/a><strong>\u00a0e\u00a0<\/strong><a href=\"https:\/\/www.youtube.com\/channel\/UCAptA0jQuYQy8vMhLt2m4qg\"><strong>Youtube<\/strong><\/a><strong>\u00a0e veja nossas mat\u00e9rias, v\u00eddeos e fotos. Voc\u00ea tamb\u00e9m pode enviar informa\u00e7\u00f5es \u00e0 Reda\u00e7\u00e3o do Portal Cariri em A\u00e7\u00e3o pelo WhatsApp (83) 9 9634.5791, (83) 9 9601-1162.<\/strong><\/p>\n","protected":false},"excerpt":{"rendered":"<p>Mais um assalto foi registrado na manh\u00e3 desta ter\u00e7a-feira, dia 27, na cidade de Cabeceiras, no Cariri Paraibano. O assalto aconteceu quando dois agricultores estavam&hellip; <\/p>\n","protected":false},"author":2,"featured_media":42005,"comment_status":"closed","ping_status":"closed","sticky":false,"template":"","format":"standard","meta":{"sfsi_plus_gutenberg_text_before_share":"","sfsi_plus_gutenberg_show_text_before_share":"","sfsi_plus_gutenberg_icon_type":"","sfsi_plus_gutenberg_icon_alignemt":"","sfsi_plus_gutenburg_max_per_row":"","footnotes":""},"categories":[12],"tags":[],"class_list":["post-42275","post","type-post","status-publish","format-standard","has-post-thumbnail","hentry","category-policia"],"_links":{"self":[{"href":"https:\/\/www.caririemacao.com\/1\/wp-json\/wp\/v2\/posts\/42275","targetHints":{"allow":["GET"]}}],"collection":[{"href":"https:\/\/www.caririemacao.com\/1\/wp-json\/wp\/v2\/posts"}],"about":[{"href":"https:\/\/www.caririemacao.com\/1\/wp-json\/wp\/v2\/types\/post"}],"author":[{"embeddable":true,"href":"https:\/\/www.caririemacao.com\/1\/wp-json\/wp\/v2\/users\/2"}],"replies":[{"embeddable":true,"href":"https:\/\/www.caririemacao.com\/1\/wp-json\/wp\/v2\/comments?post=42275"}],"version-history":[{"count":0,"href":"https:\/\/www.caririemacao.com\/1\/wp-json\/wp\/v2\/posts\/42275\/revisions"}],"wp:featuredmedia":[{"embeddable":true,"href":"https:\/\/www.caririemacao.com\/1\/wp-json\/wp\/v2\/media\/42005"}],"wp:attachment":[{"href":"https:\/\/www.caririemacao.com\/1\/wp-json\/wp\/v2\/media?parent=42275"}],"wp:term":[{"taxonomy":"category","embeddable":true,"href":"https:\/\/www.caririemacao.com\/1\/wp-json\/wp\/v2\/categories?post=42275"},{"taxonomy":"post_tag","embeddable":true,"href":"https:\/\/www.caririemacao.com\/1\/wp-json\/wp\/v2\/tags?post=42275"}],"curies":[{"name":"wp","href":"https:\/\/api.w.org\/{rel}","templated":true}]}}