{"id":42277,"date":"2018-02-27T07:46:05","date_gmt":"2018-02-27T10:46:05","guid":{"rendered":"http:\/\/caririemacao.com\/1\/?p=42277"},"modified":"2018-02-27T07:46:05","modified_gmt":"2018-02-27T10:46:05","slug":"prefeito-e-secretaria-da-educacao-de-caraubas-abrem-o-ano-letivo-da-rede-municipal-de-ensino","status":"publish","type":"post","link":"https:\/\/www.caririemacao.com\/1\/2018\/02\/27\/prefeito-e-secretaria-da-educacao-de-caraubas-abrem-o-ano-letivo-da-rede-municipal-de-ensino\/","title":{"rendered":"Prefeito e secret\u00e1ria da Educa\u00e7\u00e3o de Cara\u00fabas abrem o ano letivo da rede Municipal de ensino"},"content":{"rendered":"<div>Foi aberta oficialmente na manh\u00e3 desta segunda-feira, dia 26 de Fevereiro de 2018, o ano letivo da rede de ensino no munic\u00edpio de Cara\u00fabas. Participaram da abertura oficial o prefeito Silvano Dudu que se fez acompanhado da Secret\u00e1ria da Educa\u00e7\u00e3o, professora Gracilene Aquino e de assessores da secretaria da educa\u00e7\u00e3o.<\/div>\n<div>O prefeito e comitiva esteve visitando as 02 (duas) unidades de ensino instaladas na sede do munic\u00edpio, a creche escola S\u00e3o Pedro e a Escola Alice Jorge da Silva. O prefeito reafirmou o seu compromisso com a setor educacional, n\u00e3o apenas garantindo o pagamento digno aos profissionais como tamb\u00e9m iniciando os melhoramentos na infraestrutura dos pr\u00e9dios onde funcionam as escolas municipais.<\/div>\n<div>Elaboramos atrav\u00e9s das secretarias da educa\u00e7\u00e3o e de Obras P\u00fablicas e Servi\u00e7os Urbanos um cronograma de reforma de todas as unidades de ensino para que pud\u00e9ssemos iniciar este ano letivo oferecendo melhores condi\u00e7\u00f5es aos nossos alunos, afirmou o prefeito.<\/div>\n<div>Diferentemente do ano passado, este ano todos os alunos receberam das m\u00e3os do gestor e da secret\u00e1ria da educa\u00e7\u00e3o, novos fardamentos adquiridos atrav\u00e9s de recursos repassados pelo FNDE. Segundo a professora Gracilene, ainda ser\u00e3o entregues o kit escolar a cada aluno, haja vista, que o mesmo se encontra em processo de licita\u00e7\u00e3o.<\/div>\n<div>Durante o decorrer desta semana todas as unidades localizadas em \u00e1rea rural receber\u00e3o a visita da secret\u00e1ria, do prefeito, t\u00e9cnicos e assessores da Prefeitura Municipal para a entrega de todo fardamento.<\/div>\n<div>O prefeito Silvano Dudu aproveitou a oportunidade para anunciar que em viagem a Bras\u00edlia, semana passada conseguiu a indica\u00e7\u00e3o para constru\u00e7\u00e3o de uma escola com 06 (seis) salas de aula na comunidade da passagem. Garantiremos recursos atrav\u00e9s do PAR junto ao FNDE para que possamos no ano vindouro construir e entregar aquela comunidade um sonho reivindicado pelos moradores e pais de alunos, disse o prefeito.<\/div>\n<div>\n<p><strong>CARIRI EM A\u00c7\u00c3O<\/strong><\/p>\n<p><em>Com Seplacom\/Foto:\u00a0Seplacom<\/em><\/p>\n<p><strong>Leia mais not\u00edcias em\u00a0<\/strong><a href=\"http:\/\/www.caririemacao.com\/\"><strong>caririemacao.com<\/strong><\/a><strong>, siga nossa p\u00e1gina no\u00a0<\/strong><a href=\"https:\/\/www.facebook.com\/CaririEmAcao\/?ref=aymt_homepage_panel\"><strong>Facebook<\/strong><\/a>,<strong>\u00a0<\/strong><a href=\"https:\/\/www.instagram.com\/cariri_em_acao\/?hl=pt-br\"><strong>Instagram<\/strong><\/a><strong>\u00a0e\u00a0<\/strong><a href=\"https:\/\/www.youtube.com\/channel\/UCAptA0jQuYQy8vMhLt2m4qg\"><strong>Youtube<\/strong><\/a><strong>\u00a0e veja nossas mat\u00e9rias, v\u00eddeos e fotos. Voc\u00ea tamb\u00e9m pode enviar informa\u00e7\u00f5es \u00e0 Reda\u00e7\u00e3o do Portal Cariri em A\u00e7\u00e3o pelo WhatsApp (83) 9 9634.5791, (83) 9 9601-1162.<\/strong><\/p>\n<\/div>\n","protected":false},"excerpt":{"rendered":"<p>Foi aberta oficialmente na manh\u00e3 desta segunda-feira, dia 26 de Fevereiro de 2018, o ano letivo da rede de ensino no munic\u00edpio de Cara\u00fabas. Participaram&hellip; <\/p>\n","protected":false},"author":2,"featured_media":42278,"comment_status":"closed","ping_status":"closed","sticky":false,"template":"","format":"standard","meta":{"sfsi_plus_gutenberg_text_before_share":"","sfsi_plus_gutenberg_show_text_before_share":"","sfsi_plus_gutenberg_icon_type":"","sfsi_plus_gutenberg_icon_alignemt":"","sfsi_plus_gutenburg_max_per_row":"","footnotes":""},"categories":[6],"tags":[],"class_list":["post-42277","post","type-post","status-publish","format-standard","has-post-thumbnail","hentry","category-cidades"],"_links":{"self":[{"href":"https:\/\/www.caririemacao.com\/1\/wp-json\/wp\/v2\/posts\/42277","targetHints":{"allow":["GET"]}}],"collection":[{"href":"https:\/\/www.caririemacao.com\/1\/wp-json\/wp\/v2\/posts"}],"about":[{"href":"https:\/\/www.caririemacao.com\/1\/wp-json\/wp\/v2\/types\/post"}],"author":[{"embeddable":true,"href":"https:\/\/www.caririemacao.com\/1\/wp-json\/wp\/v2\/users\/2"}],"replies":[{"embeddable":true,"href":"https:\/\/www.caririemacao.com\/1\/wp-json\/wp\/v2\/comments?post=42277"}],"version-history":[{"count":0,"href":"https:\/\/www.caririemacao.com\/1\/wp-json\/wp\/v2\/posts\/42277\/revisions"}],"wp:featuredmedia":[{"embeddable":true,"href":"https:\/\/www.caririemacao.com\/1\/wp-json\/wp\/v2\/media\/42278"}],"wp:attachment":[{"href":"https:\/\/www.caririemacao.com\/1\/wp-json\/wp\/v2\/media?parent=42277"}],"wp:term":[{"taxonomy":"category","embeddable":true,"href":"https:\/\/www.caririemacao.com\/1\/wp-json\/wp\/v2\/categories?post=42277"},{"taxonomy":"post_tag","embeddable":true,"href":"https:\/\/www.caririemacao.com\/1\/wp-json\/wp\/v2\/tags?post=42277"}],"curies":[{"name":"wp","href":"https:\/\/api.w.org\/{rel}","templated":true}]}}