{"id":42288,"date":"2018-02-27T08:08:45","date_gmt":"2018-02-27T11:08:45","guid":{"rendered":"http:\/\/caririemacao.com\/1\/?p=42288"},"modified":"2018-02-27T08:34:09","modified_gmt":"2018-02-27T11:34:09","slug":"prefeito-adriano-e-deputado-efraim-filho-conseguem-novos-computadores-para-sao-sebastiao-do-umbuzeiro","status":"publish","type":"post","link":"https:\/\/www.caririemacao.com\/1\/2018\/02\/27\/prefeito-adriano-e-deputado-efraim-filho-conseguem-novos-computadores-para-sao-sebastiao-do-umbuzeiro\/","title":{"rendered":"Prefeito Adriano e deputado Efraim Filho conseguem novos computadores para S\u00e3o Sebasti\u00e3o do Umbuzeiro"},"content":{"rendered":"<p>O prefeito Adriano Wolff continua trabalhando a todo vapor em prol do munic\u00edpio de S\u00e3o Sebasti\u00e3o do Umbuzeiro. Atrav\u00e9s do deputado federal Efraim Filho, Adriano conseguiu 14 computadores para o munic\u00edpio.<\/p>\n<p>Adriano informou que os computadores s\u00e3o fruto de uma doa\u00e7\u00e3o do deputado Efraim Filho juntamente com o Congresso Nacional.<\/p>\n<p>\u201cQuero agradecer ao deputado Efraim Filho, que mais uma vez atendeu um pedido nosso, e conseguiu junto ao Congresso Nacional, a doa\u00e7\u00e3o de 14 computadores, que ir\u00e3o atender os nossos mun\u00edcipes. Assim como eu, Efraim tamb\u00e9m est\u00e1 empenhado em busca do avan\u00e7o e desenvolvimento de S\u00e3o Sebasti\u00e3o do Umbuzeiro\u201d, disse Adriano.<\/p>\n<p>Adriano informou ainda que dos 14 computadores, 5 ser\u00e3o encaminhado para a C\u00e2mara Municipal, atendendo um pedido dos vereadores Bernades, Celhinha, Cicero Lira, Denis e Jailson, e os outros 9 ser\u00e3o destinados para prefeitura e administra\u00e7\u00e3o municipal.<\/p>\n<p><strong>CARIRI EM A\u00c7\u00c3O<\/strong><em>\u00a0<\/em><\/p>\n<p>Com\u00a0Emerson Vasconcelos<\/p>\n<p><strong>Leia mais not\u00edcias em\u00a0<\/strong><a href=\"http:\/\/www.caririemacao.com\/\"><strong>caririemacao.com<\/strong><\/a><strong>, siga nossa p\u00e1gina no\u00a0<\/strong><a href=\"https:\/\/www.facebook.com\/CaririEmAcao\/?ref=aymt_homepage_panel\"><strong>Facebook<\/strong><\/a>,<strong>\u00a0<\/strong><a href=\"https:\/\/www.instagram.com\/cariri_em_acao\/?hl=pt-br\"><strong>Instagram<\/strong><\/a><strong>\u00a0e\u00a0<\/strong><a href=\"https:\/\/www.youtube.com\/channel\/UCAptA0jQuYQy8vMhLt2m4qg\"><strong>Youtube<\/strong><\/a><strong>\u00a0e veja nossas mat\u00e9rias, v\u00eddeos e fotos. Voc\u00ea tamb\u00e9m pode enviar informa\u00e7\u00f5es \u00e0 Reda\u00e7\u00e3o do Portal Cariri em A\u00e7\u00e3o pelo WhatsApp (83) 9 9634.5791, (83) 9 9601-1162.<\/strong><\/p>\n","protected":false},"excerpt":{"rendered":"<p>O prefeito Adriano Wolff continua trabalhando a todo vapor em prol do munic\u00edpio de S\u00e3o Sebasti\u00e3o do Umbuzeiro. Atrav\u00e9s do deputado federal Efraim Filho, Adriano&hellip; <\/p>\n","protected":false},"author":2,"featured_media":42289,"comment_status":"closed","ping_status":"closed","sticky":false,"template":"","format":"standard","meta":{"sfsi_plus_gutenberg_text_before_share":"","sfsi_plus_gutenberg_show_text_before_share":"","sfsi_plus_gutenberg_icon_type":"","sfsi_plus_gutenberg_icon_alignemt":"","sfsi_plus_gutenburg_max_per_row":"","footnotes":""},"categories":[6],"tags":[],"class_list":["post-42288","post","type-post","status-publish","format-standard","has-post-thumbnail","hentry","category-cidades"],"_links":{"self":[{"href":"https:\/\/www.caririemacao.com\/1\/wp-json\/wp\/v2\/posts\/42288","targetHints":{"allow":["GET"]}}],"collection":[{"href":"https:\/\/www.caririemacao.com\/1\/wp-json\/wp\/v2\/posts"}],"about":[{"href":"https:\/\/www.caririemacao.com\/1\/wp-json\/wp\/v2\/types\/post"}],"author":[{"embeddable":true,"href":"https:\/\/www.caririemacao.com\/1\/wp-json\/wp\/v2\/users\/2"}],"replies":[{"embeddable":true,"href":"https:\/\/www.caririemacao.com\/1\/wp-json\/wp\/v2\/comments?post=42288"}],"version-history":[{"count":0,"href":"https:\/\/www.caririemacao.com\/1\/wp-json\/wp\/v2\/posts\/42288\/revisions"}],"wp:featuredmedia":[{"embeddable":true,"href":"https:\/\/www.caririemacao.com\/1\/wp-json\/wp\/v2\/media\/42289"}],"wp:attachment":[{"href":"https:\/\/www.caririemacao.com\/1\/wp-json\/wp\/v2\/media?parent=42288"}],"wp:term":[{"taxonomy":"category","embeddable":true,"href":"https:\/\/www.caririemacao.com\/1\/wp-json\/wp\/v2\/categories?post=42288"},{"taxonomy":"post_tag","embeddable":true,"href":"https:\/\/www.caririemacao.com\/1\/wp-json\/wp\/v2\/tags?post=42288"}],"curies":[{"name":"wp","href":"https:\/\/api.w.org\/{rel}","templated":true}]}}