{"id":42291,"date":"2018-02-27T08:12:53","date_gmt":"2018-02-27T11:12:53","guid":{"rendered":"http:\/\/caririemacao.com\/1\/?p=42291"},"modified":"2018-02-27T08:12:53","modified_gmt":"2018-02-27T11:12:53","slug":"divulgados-editais-de-selecao-para-professores-assistentes-na-ufcg","status":"publish","type":"post","link":"https:\/\/www.caririemacao.com\/1\/2018\/02\/27\/divulgados-editais-de-selecao-para-professores-assistentes-na-ufcg\/","title":{"rendered":"Divulgados editais de sele\u00e7\u00e3o para professores assistentes na UFCG"},"content":{"rendered":"<div class=\"mc-column content-text active-extra-styles active-capital-letter\" data-block-type=\"unstyled\" data-block-weight=\"47\" data-block-id=\"2\">\n<p class=\"content-text__container theme-color-primary-first-letter\" data-track-category=\"Link no Texto\" data-track-links=\"\">A Universidade Federal de Campina Grande (UFCG) divulgou nesta segunda-feira (26) dois editais de sele\u00e7\u00e3o simplificada para professores assistentes da \u00e1rea de comunica\u00e7\u00e3o social no campus sede, em Campina Grande. De acordo com os editais, as inscri\u00e7\u00f5es come\u00e7am na ter\u00e7a-feira (27) e v\u00e3o at\u00e9 7 de mar\u00e7o.<\/p>\n<\/div>\n<div class=\"mc-column content-text active-extra-styles \" data-block-type=\"unstyled\" data-block-weight=\"42\" data-block-id=\"3\">\n<p class=\"content-text__container \" data-track-category=\"Link no Texto\" data-track-links=\"\">Para concorrer, os candidatos precisam ter titula\u00e7\u00e3o m\u00ednima de mestrado em comunica\u00e7\u00e3o social e habilita\u00e7\u00e3o na \u00e1rea escolhida. Est\u00e3o dispon\u00edveis uma vaga para a \u00e1rea de educomunica\u00e7\u00e3o, sociologia e m\u00eddia e uma vaga para a \u00e1rea de educomunica\u00e7\u00e3o, publicidade e linguagem visual.<\/p>\n<\/div>\n<div class=\"mc-column content-text active-extra-styles \" data-block-type=\"unstyled\" data-block-weight=\"25\" data-block-id=\"4\">\n<p class=\"content-text__container \" data-track-category=\"Link no Texto\" data-track-links=\"\">O cargo \u00e9 de professor assistente, classe A, n\u00edvel 1. O regime de trabalho \u00e9 de 40 horas semanais, com remunera\u00e7\u00e3o total de R$ 3.649,06.<\/p>\n<\/div>\n<div class=\"mc-column content-text active-extra-styles \" data-block-type=\"unstyled\" data-block-weight=\"52\" data-block-id=\"5\">\n<p class=\"content-text__container \" data-track-category=\"Link no Texto\" data-track-links=\"\">As inscri\u00e7\u00f5es devem ser feitas no Protocolo Geral do campus sede, no hor\u00e1rio das 8h \u00e0s 12h e das 14h \u00e0s 18h, de segunda \u00e0 sexta-feira. Para se inscrever, o candidato precisa pagar a taxa de inscri\u00e7\u00e3o no valor de R$ 65. Os candidatos de baixa renda podem solicitar isen\u00e7\u00e3o da taxa.<\/p>\n<\/div>\n<div data-track-category=\"fim do conteudo\" data-track-action=\"ultimo chunk conteudo\" data-track-noninteraction=\"false\" data-track-scroll=\"entrada completa viewport\">\n<div class=\"mc-column content-text active-extra-styles \" data-block-type=\"unstyled\" data-block-weight=\"51\" data-block-id=\"6\">\n<p class=\"content-text__container \" data-track-category=\"Link no Texto\" data-track-links=\"\">A sele\u00e7\u00e3o dos candidatos vai ser feita em tr\u00eas etapas, sendo uma prova escrita no dia 14 de mar\u00e7o, al\u00e9m de uma prova de t\u00edtulos. O resultado final est\u00e1 previsto para ser divulgado no dia 16 de mar\u00e7o. O concurso tem validade de um ano, podendo ser prorrogado por igual per\u00edodo.<\/p>\n<p><strong>CARIRI EM A\u00c7\u00c3O<\/strong><\/p>\n<p><em>Com Para\u00edba J\u00e1\/Foto: Reprodu\u00e7\u00e3o google<\/em><\/p>\n<p><strong>Leia mais not\u00edcias em\u00a0<\/strong><a href=\"http:\/\/www.caririemacao.com\/\"><strong>caririemacao.com<\/strong><\/a><strong>, siga nossa p\u00e1gina no\u00a0<\/strong><a href=\"https:\/\/www.facebook.com\/CaririEmAcao\/?ref=aymt_homepage_panel\"><strong>Facebook<\/strong><\/a>,<strong>\u00a0<\/strong><a href=\"https:\/\/www.instagram.com\/cariri_em_acao\/?hl=pt-br\"><strong>Instagram<\/strong><\/a><strong>\u00a0e\u00a0<\/strong><a href=\"https:\/\/www.youtube.com\/channel\/UCAptA0jQuYQy8vMhLt2m4qg\"><strong>Youtube<\/strong><\/a><strong>\u00a0e veja nossas mat\u00e9rias, v\u00eddeos e fotos. Voc\u00ea tamb\u00e9m pode enviar informa\u00e7\u00f5es \u00e0 Reda\u00e7\u00e3o do Portal Cariri em A\u00e7\u00e3o pelo WhatsApp (83) 9 9634.5791, (83) 9 9601-1162.<\/strong><\/p>\n<\/div>\n<\/div>\n","protected":false},"excerpt":{"rendered":"<p>A Universidade Federal de Campina Grande (UFCG) divulgou nesta segunda-feira (26) dois editais de sele\u00e7\u00e3o simplificada para professores assistentes da \u00e1rea de comunica\u00e7\u00e3o social no&hellip; <\/p>\n","protected":false},"author":2,"featured_media":8983,"comment_status":"closed","ping_status":"closed","sticky":false,"template":"","format":"standard","meta":{"sfsi_plus_gutenberg_text_before_share":"","sfsi_plus_gutenberg_show_text_before_share":"","sfsi_plus_gutenberg_icon_type":"","sfsi_plus_gutenberg_icon_alignemt":"","sfsi_plus_gutenburg_max_per_row":"","footnotes":""},"categories":[14],"tags":[],"class_list":["post-42291","post","type-post","status-publish","format-standard","has-post-thumbnail","hentry","category-educacao"],"_links":{"self":[{"href":"https:\/\/www.caririemacao.com\/1\/wp-json\/wp\/v2\/posts\/42291","targetHints":{"allow":["GET"]}}],"collection":[{"href":"https:\/\/www.caririemacao.com\/1\/wp-json\/wp\/v2\/posts"}],"about":[{"href":"https:\/\/www.caririemacao.com\/1\/wp-json\/wp\/v2\/types\/post"}],"author":[{"embeddable":true,"href":"https:\/\/www.caririemacao.com\/1\/wp-json\/wp\/v2\/users\/2"}],"replies":[{"embeddable":true,"href":"https:\/\/www.caririemacao.com\/1\/wp-json\/wp\/v2\/comments?post=42291"}],"version-history":[{"count":0,"href":"https:\/\/www.caririemacao.com\/1\/wp-json\/wp\/v2\/posts\/42291\/revisions"}],"wp:featuredmedia":[{"embeddable":true,"href":"https:\/\/www.caririemacao.com\/1\/wp-json\/wp\/v2\/media\/8983"}],"wp:attachment":[{"href":"https:\/\/www.caririemacao.com\/1\/wp-json\/wp\/v2\/media?parent=42291"}],"wp:term":[{"taxonomy":"category","embeddable":true,"href":"https:\/\/www.caririemacao.com\/1\/wp-json\/wp\/v2\/categories?post=42291"},{"taxonomy":"post_tag","embeddable":true,"href":"https:\/\/www.caririemacao.com\/1\/wp-json\/wp\/v2\/tags?post=42291"}],"curies":[{"name":"wp","href":"https:\/\/api.w.org\/{rel}","templated":true}]}}