{"id":42293,"date":"2018-02-27T08:18:51","date_gmt":"2018-02-27T11:18:51","guid":{"rendered":"http:\/\/caririemacao.com\/1\/?p=42293"},"modified":"2018-02-27T08:44:58","modified_gmt":"2018-02-27T11:44:58","slug":"dodge-diverge-da-pf-e-veta-quebra-de-sigilo-de-temer","status":"publish","type":"post","link":"https:\/\/www.caririemacao.com\/1\/2018\/02\/27\/dodge-diverge-da-pf-e-veta-quebra-de-sigilo-de-temer\/","title":{"rendered":"Dodge diverge da PF e veta quebra de sigilo de Temer"},"content":{"rendered":"<p>Indicada por Michel Temer para a PGR, Raquel Dodge mostra lealdade ao emedebista; a chefe do Minist\u00e9rio P\u00fablico divergiu da Pol\u00edcia Federal e n\u00e3o solicitou ao Supremo a quebra dos sigilos banc\u00e1rio e fiscal de Temer; na opini\u00e3o dos policiais que atuam na investiga\u00e7\u00e3o, os dados de Temer deveriam ser acessados como m\u00e9todo para detectar qualquer movimenta\u00e7\u00e3o financeira suspeita que pudesse demonstrar pagamentos ilegais no per\u00edodo de discuss\u00e3o do decreto portu\u00e1rio, publicado em maio passado, em que ele \u00e9 suspeito de ter recebido propina para beneficiar empresas; Raquel foi contr\u00e1ria ao pedido da Pol\u00edcia Federa.<\/p>\n<p><strong>CARIRI EM A\u00c7\u00c3O<\/strong><\/p>\n<p><em>Com Brasil 247\/Foto: Reprodu\u00e7\u00e3o google<\/em><\/p>\n<p><strong>Leia mais not\u00edcias em\u00a0<\/strong><a href=\"http:\/\/www.caririemacao.com\/\"><strong>caririemacao.com<\/strong><\/a><strong>, siga nossa p\u00e1gina no\u00a0<\/strong><a href=\"https:\/\/www.facebook.com\/CaririEmAcao\/?ref=aymt_homepage_panel\"><strong>Facebook<\/strong><\/a>,<strong>\u00a0<\/strong><a href=\"https:\/\/www.instagram.com\/cariri_em_acao\/?hl=pt-br\"><strong>Instagram<\/strong><\/a><strong>\u00a0e\u00a0<\/strong><a href=\"https:\/\/www.youtube.com\/channel\/UCAptA0jQuYQy8vMhLt2m4qg\"><strong>Youtube<\/strong><\/a><strong>\u00a0e veja nossas mat\u00e9rias, v\u00eddeos e fotos. Voc\u00ea tamb\u00e9m pode enviar informa\u00e7\u00f5es \u00e0 Reda\u00e7\u00e3o do Portal Cariri em A\u00e7\u00e3o pelo WhatsApp (83) 9 9634.5791, (83) 9 9601-1162.<\/strong><\/p>\n<p>&nbsp;<\/p>\n","protected":false},"excerpt":{"rendered":"<p>Indicada por Michel Temer para a PGR, Raquel Dodge mostra lealdade ao emedebista; a chefe do Minist\u00e9rio P\u00fablico divergiu da Pol\u00edcia Federal e n\u00e3o solicitou&hellip; <\/p>\n","protected":false},"author":2,"featured_media":39215,"comment_status":"closed","ping_status":"closed","sticky":false,"template":"","format":"standard","meta":{"sfsi_plus_gutenberg_text_before_share":"","sfsi_plus_gutenberg_show_text_before_share":"","sfsi_plus_gutenberg_icon_type":"","sfsi_plus_gutenberg_icon_alignemt":"","sfsi_plus_gutenburg_max_per_row":"","footnotes":""},"categories":[11],"tags":[],"class_list":["post-42293","post","type-post","status-publish","format-standard","has-post-thumbnail","hentry","category-politica"],"_links":{"self":[{"href":"https:\/\/www.caririemacao.com\/1\/wp-json\/wp\/v2\/posts\/42293","targetHints":{"allow":["GET"]}}],"collection":[{"href":"https:\/\/www.caririemacao.com\/1\/wp-json\/wp\/v2\/posts"}],"about":[{"href":"https:\/\/www.caririemacao.com\/1\/wp-json\/wp\/v2\/types\/post"}],"author":[{"embeddable":true,"href":"https:\/\/www.caririemacao.com\/1\/wp-json\/wp\/v2\/users\/2"}],"replies":[{"embeddable":true,"href":"https:\/\/www.caririemacao.com\/1\/wp-json\/wp\/v2\/comments?post=42293"}],"version-history":[{"count":0,"href":"https:\/\/www.caririemacao.com\/1\/wp-json\/wp\/v2\/posts\/42293\/revisions"}],"wp:featuredmedia":[{"embeddable":true,"href":"https:\/\/www.caririemacao.com\/1\/wp-json\/wp\/v2\/media\/39215"}],"wp:attachment":[{"href":"https:\/\/www.caririemacao.com\/1\/wp-json\/wp\/v2\/media?parent=42293"}],"wp:term":[{"taxonomy":"category","embeddable":true,"href":"https:\/\/www.caririemacao.com\/1\/wp-json\/wp\/v2\/categories?post=42293"},{"taxonomy":"post_tag","embeddable":true,"href":"https:\/\/www.caririemacao.com\/1\/wp-json\/wp\/v2\/tags?post=42293"}],"curies":[{"name":"wp","href":"https:\/\/api.w.org\/{rel}","templated":true}]}}