{"id":42296,"date":"2018-02-27T08:22:43","date_gmt":"2018-02-27T11:22:43","guid":{"rendered":"http:\/\/caririemacao.com\/1\/?p=42296"},"modified":"2018-02-27T08:22:43","modified_gmt":"2018-02-27T11:22:43","slug":"planalto-liga-trocas-nos-ministerios-a-projeto-eleitoral","status":"publish","type":"post","link":"https:\/\/www.caririemacao.com\/1\/2018\/02\/27\/planalto-liga-trocas-nos-ministerios-a-projeto-eleitoral\/","title":{"rendered":"Planalto liga trocas nos minist\u00e9rios a projeto eleitoral"},"content":{"rendered":"<p>O presidente Michel Temer vai vincular as trocas na reforma ministerial, em mar\u00e7o, ao projeto eleitoral do Planalto e do MDB, seu partido. As legendas que hoje t\u00eam cadeira na Esplanada s\u00f3 poder\u00e3o indicar substitutos caso se comprometam a apoiar o candidato defendido por Temer \u2013 ele pr\u00f3prio ou outro do mesmo grupo pol\u00edtico.<\/p>\n<p>Segundo pelo menos duas pessoas que estiveram com Temer nos \u00faltimos dias, o presidente n\u00e3o quer que as pastas sejam comandadas por secret\u00e1rios executivos, como gostariam muitos dos atuais titulares, apenas para atender aos ministros que sair\u00e3o para disputar o pleito. O presidente avisou que gostaria de ter \u201cnomes de peso\u201d para dar credibilidade ao seu governo. Exige, por\u00e9m, que os novos titulares das pastas estejam alinhados ao projeto do Planalto para a sucess\u00e3o de Temer. Nas palavras de um emedebista pr\u00f3ximo ao presidente, n\u00e3o pode ser \u201ccada um por si\u201d.<\/p>\n<p>Temer conversou com seus principais auxiliares sobre o assunto nesta segunda-feira, 26. Ele determinou que o ministro-chefe da Casa Civil, Eliseu Padilha, coordene as conversas com os partidos e colha sugest\u00f5es de nomes para os substitutos. O presidente avisar\u00e1 \u00e0s legendas que elas poder\u00e3o indicar os nomes, mas a decis\u00e3o final ser\u00e1 dele.<\/p>\n<p>\u201cOs ministros e os partidos ser\u00e3o ouvidos, porque entendemos que todos est\u00e3o fazendo um bom trabalho nos minist\u00e9rios onde exercem suas fun\u00e7\u00f5es. Mas a palavra final a respeito de tudo isso ser\u00e1 do presidente da Rep\u00fablica\u201d, afirmou o ministro da Secretaria de Governo, Carlos Marun.<\/p>\n<p>Pela estrat\u00e9gia de Temer, o PR, por exemplo, pode perder o Minist\u00e9rio dos Transportes caso indique um apoio \u00e0 eventual candidatura do ex-presidente Luiz In\u00e1cio Lula da Silva. Integrantes da sigla j\u00e1 discutem quem indicar para a sucess\u00e3o do atual titular, Maur\u00edcio Quintella, que deixar\u00e1 o cargo para tentar reelei\u00e7\u00e3o para deputado ou vaga no Senado por Alagoas. Um dos nomes na mesa \u00e9 o de Deusdina dos Reis Pereira, que foi destitu\u00edda, em janeiro, pelo Conselho de Administra\u00e7\u00e3o da Caixa da vice-presid\u00eancia de Fundos de Governo e Loterias do banco por suspeita de ter praticado tr\u00e1fico de influ\u00eancia.<\/p>\n<p>Temer quer fechar todas as mudan\u00e7as ministeriais at\u00e9 o fim de mar\u00e7o. Pela legisla\u00e7\u00e3o eleitoral, os ministros que ser\u00e3o candidatos devem deixar o governo at\u00e9 7 de abril. Oito ministro devem deixar o cargo. A conta n\u00e3o inclui o titular da Fazenda, Henrique Meirelles, que ainda tenta viabilizar sua candidatura presidencial.<\/p>\n<p>Kassab.\u00a0Com a decis\u00e3o de Temer de vincular as trocas ministeriais \u00e0s elei\u00e7\u00f5es,\u00a0o ministro Gilberto Kassab (Comunica\u00e7\u00f5es) afirmou nesta segunda-feira que o PSD, sigla que comanda, tem prefer\u00eancia pela candidatura do governador Geraldo Alckmin (PSDB), mas esse apoio poder\u00e1 ser rediscutido caso o presidente tente a reelei\u00e7\u00e3o.<\/p>\n<p>\u201cO PSD tem como premissa que Temer n\u00e3o ser\u00e1 candidato, pois \u00e9 evidente que, sua candidatura existindo, seu nome seria imediatamente inclu\u00eddo nas discuss\u00f5es do partido.\u201d<\/p>\n<p>A prefer\u00eancia do PSD por Alckmin tem uma raz\u00e3o: o partido fechou acordo com o PSDB em S\u00e3o Paulo para indicar o candidato a vice-governador do Estado na chapa encabe\u00e7ada por um tucano. O candidato a vice \u00e9 o pr\u00f3prio Kassab. Em troca da vaga de vice, a legenda do ministro das Comunica\u00e7\u00f5es se comprometeu a apoiar o PSDB na disputa pela Presid\u00eancia.<\/p>\n<p><strong>CARIRI EM A\u00c7\u00c3O<\/strong><\/p>\n<p><em>Com Estad\u00e3o\/Foto: Reprodu\u00e7\u00e3o google<\/em><\/p>\n<p><strong>Leia mais not\u00edcias em\u00a0<\/strong><a href=\"http:\/\/www.caririemacao.com\/\"><strong>caririemacao.com<\/strong><\/a><strong>, siga nossa p\u00e1gina no\u00a0<\/strong><a href=\"https:\/\/www.facebook.com\/CaririEmAcao\/?ref=aymt_homepage_panel\"><strong>Facebook<\/strong><\/a>,<strong>\u00a0<\/strong><a href=\"https:\/\/www.instagram.com\/cariri_em_acao\/?hl=pt-br\"><strong>Instagram<\/strong><\/a><strong>\u00a0e\u00a0<\/strong><a href=\"https:\/\/www.youtube.com\/channel\/UCAptA0jQuYQy8vMhLt2m4qg\"><strong>Youtube<\/strong><\/a><strong>\u00a0e veja nossas mat\u00e9rias, v\u00eddeos e fotos. Voc\u00ea tamb\u00e9m pode enviar informa\u00e7\u00f5es \u00e0 Reda\u00e7\u00e3o do Portal Cariri em A\u00e7\u00e3o pelo WhatsApp (83) 9 9634.5791, (83) 9 9601-1162.<\/strong><\/p>\n","protected":false},"excerpt":{"rendered":"<p>O presidente Michel Temer vai vincular as trocas na reforma ministerial, em mar\u00e7o, ao projeto eleitoral do Planalto e do MDB, seu partido. As legendas&hellip; <\/p>\n","protected":false},"author":2,"featured_media":36963,"comment_status":"closed","ping_status":"closed","sticky":false,"template":"","format":"standard","meta":{"sfsi_plus_gutenberg_text_before_share":"","sfsi_plus_gutenberg_show_text_before_share":"","sfsi_plus_gutenberg_icon_type":"","sfsi_plus_gutenberg_icon_alignemt":"","sfsi_plus_gutenburg_max_per_row":"","footnotes":""},"categories":[11],"tags":[],"class_list":["post-42296","post","type-post","status-publish","format-standard","has-post-thumbnail","hentry","category-politica"],"_links":{"self":[{"href":"https:\/\/www.caririemacao.com\/1\/wp-json\/wp\/v2\/posts\/42296","targetHints":{"allow":["GET"]}}],"collection":[{"href":"https:\/\/www.caririemacao.com\/1\/wp-json\/wp\/v2\/posts"}],"about":[{"href":"https:\/\/www.caririemacao.com\/1\/wp-json\/wp\/v2\/types\/post"}],"author":[{"embeddable":true,"href":"https:\/\/www.caririemacao.com\/1\/wp-json\/wp\/v2\/users\/2"}],"replies":[{"embeddable":true,"href":"https:\/\/www.caririemacao.com\/1\/wp-json\/wp\/v2\/comments?post=42296"}],"version-history":[{"count":0,"href":"https:\/\/www.caririemacao.com\/1\/wp-json\/wp\/v2\/posts\/42296\/revisions"}],"wp:featuredmedia":[{"embeddable":true,"href":"https:\/\/www.caririemacao.com\/1\/wp-json\/wp\/v2\/media\/36963"}],"wp:attachment":[{"href":"https:\/\/www.caririemacao.com\/1\/wp-json\/wp\/v2\/media?parent=42296"}],"wp:term":[{"taxonomy":"category","embeddable":true,"href":"https:\/\/www.caririemacao.com\/1\/wp-json\/wp\/v2\/categories?post=42296"},{"taxonomy":"post_tag","embeddable":true,"href":"https:\/\/www.caririemacao.com\/1\/wp-json\/wp\/v2\/tags?post=42296"}],"curies":[{"name":"wp","href":"https:\/\/api.w.org\/{rel}","templated":true}]}}