{"id":42310,"date":"2018-02-27T09:25:54","date_gmt":"2018-02-27T12:25:54","guid":{"rendered":"http:\/\/caririemacao.com\/1\/?p=42310"},"modified":"2018-02-27T12:40:18","modified_gmt":"2018-02-27T15:40:18","slug":"napoleao-maracaja-sera-o-entrevistado-do-programa-cariri-em-acao-deste-sabado-3-na-95-fm","status":"publish","type":"post","link":"https:\/\/www.caririemacao.com\/1\/2018\/02\/27\/napoleao-maracaja-sera-o-entrevistado-do-programa-cariri-em-acao-deste-sabado-3-na-95-fm\/","title":{"rendered":"Napole\u00e3o Maracaj\u00e1 ser\u00e1 o entrevistado do programa Cariri em A\u00e7\u00e3o deste s\u00e1bado (3) na 95 FM"},"content":{"rendered":"<p>No pr\u00f3ximo s\u00e1bado, dia 03, o entrevistado do programa Cariri em A\u00e7\u00e3o, na r\u00e1dio 95 FM, da cidade de Sum\u00e9\/PB, ser\u00e1 o ex-vereador de Campina Grande e ex-candidato ao cargo de Deputado Estadual da Para\u00edba pelo PCdoB nas Elei\u00e7\u00f5es 2014, Napole\u00e3o Maracaj\u00e1.<\/p>\n<p>Napole\u00e3o atualmente \u00e9 professor e sindicalista. Ele participar\u00e1 do programa para falar dos movimentos sociais e assuntos relacionados a pol\u00edtica estadual e nacional, inclusive sobre a atual conjuntura do governo Temer, sa\u00edda de Dilma e outros assuntos pol\u00eamicos.<\/p>\n<p>Durante a entrevista, Napole\u00e3o dever\u00e1 falar sobre sua pr\u00e9-candidatura a deputado estadual nestas elei\u00e7\u00f5es e tamb\u00e9m como ele avalia a gest\u00e3o do governador Ricardo Coutinho.<\/p>\n<p>N\u00e3o perca o programa deste s\u00e1bado, dia 03, que inicia \u00e0s 8h e termina as 9h. Voc\u00ea pode acompanhar pelo site da emissora: <a href=\"http:\/\/www.95fmsume.com.br\">www.95fmsume.com.br<\/a> ou na p\u00e1gina do Cariri em A\u00e7\u00e3o: <a href=\"https:\/\/www.facebook.com\/CaririEmAcao\/\">https:\/\/www.facebook.com\/CaririEmAcao\/<\/a>.<\/p>\n<p><strong>CARIRI EM A\u00c7\u00c3O<\/strong><em>\u00a0<\/em><\/p>\n<p><strong>Leia mais not\u00edcias em\u00a0<\/strong><a href=\"http:\/\/www.caririemacao.com\/\"><strong>caririemacao.com<\/strong><\/a><strong>, siga nossa p\u00e1gina no\u00a0<\/strong><a href=\"https:\/\/www.facebook.com\/CaririEmAcao\/?ref=aymt_homepage_panel\"><strong>Facebook<\/strong><\/a>,<strong>\u00a0<\/strong><a href=\"https:\/\/www.instagram.com\/cariri_em_acao\/?hl=pt-br\"><strong>Instagram<\/strong><\/a><strong>\u00a0e\u00a0<\/strong><a href=\"https:\/\/www.youtube.com\/channel\/UCAptA0jQuYQy8vMhLt2m4qg\"><strong>Youtube<\/strong><\/a><strong>\u00a0e veja nossas mat\u00e9rias, v\u00eddeos e fotos. Voc\u00ea tamb\u00e9m pode enviar informa\u00e7\u00f5es \u00e0 Reda\u00e7\u00e3o do Portal Cariri em A\u00e7\u00e3o pelo WhatsApp (83) 9 9634.5791, (83) 9 9601-1162.<\/strong><\/p>\n","protected":false},"excerpt":{"rendered":"<p>No pr\u00f3ximo s\u00e1bado, dia 03, o entrevistado do programa Cariri em A\u00e7\u00e3o, na r\u00e1dio 95 FM, da cidade de Sum\u00e9\/PB, ser\u00e1 o ex-vereador de Campina&hellip; <\/p>\n","protected":false},"author":2,"featured_media":42305,"comment_status":"closed","ping_status":"closed","sticky":false,"template":"","format":"standard","meta":{"sfsi_plus_gutenberg_text_before_share":"","sfsi_plus_gutenberg_show_text_before_share":"","sfsi_plus_gutenberg_icon_type":"","sfsi_plus_gutenberg_icon_alignemt":"","sfsi_plus_gutenburg_max_per_row":"","footnotes":""},"categories":[6],"tags":[],"class_list":["post-42310","post","type-post","status-publish","format-standard","has-post-thumbnail","hentry","category-cidades"],"_links":{"self":[{"href":"https:\/\/www.caririemacao.com\/1\/wp-json\/wp\/v2\/posts\/42310","targetHints":{"allow":["GET"]}}],"collection":[{"href":"https:\/\/www.caririemacao.com\/1\/wp-json\/wp\/v2\/posts"}],"about":[{"href":"https:\/\/www.caririemacao.com\/1\/wp-json\/wp\/v2\/types\/post"}],"author":[{"embeddable":true,"href":"https:\/\/www.caririemacao.com\/1\/wp-json\/wp\/v2\/users\/2"}],"replies":[{"embeddable":true,"href":"https:\/\/www.caririemacao.com\/1\/wp-json\/wp\/v2\/comments?post=42310"}],"version-history":[{"count":0,"href":"https:\/\/www.caririemacao.com\/1\/wp-json\/wp\/v2\/posts\/42310\/revisions"}],"wp:featuredmedia":[{"embeddable":true,"href":"https:\/\/www.caririemacao.com\/1\/wp-json\/wp\/v2\/media\/42305"}],"wp:attachment":[{"href":"https:\/\/www.caririemacao.com\/1\/wp-json\/wp\/v2\/media?parent=42310"}],"wp:term":[{"taxonomy":"category","embeddable":true,"href":"https:\/\/www.caririemacao.com\/1\/wp-json\/wp\/v2\/categories?post=42310"},{"taxonomy":"post_tag","embeddable":true,"href":"https:\/\/www.caririemacao.com\/1\/wp-json\/wp\/v2\/tags?post=42310"}],"curies":[{"name":"wp","href":"https:\/\/api.w.org\/{rel}","templated":true}]}}