{"id":42311,"date":"2018-02-27T08:41:20","date_gmt":"2018-02-27T11:41:20","guid":{"rendered":"http:\/\/caririemacao.com\/1\/?p=42311"},"modified":"2018-02-27T08:44:38","modified_gmt":"2018-02-27T11:44:38","slug":"raul-jungmann-toma-posse-como-ministro-da-seguranca-publica-nesta-terca","status":"publish","type":"post","link":"https:\/\/www.caririemacao.com\/1\/2018\/02\/27\/raul-jungmann-toma-posse-como-ministro-da-seguranca-publica-nesta-terca\/","title":{"rendered":"Raul Jungmann toma posse como ministro da Seguran\u00e7a P\u00fablica nesta ter\u00e7a"},"content":{"rendered":"<div class=\"mc-column content-text active-extra-styles active-capital-letter\" data-block-type=\"unstyled\" data-block-weight=\"34\" data-block-id=\"2\">\n<p class=\"content-text__container theme-color-primary-first-letter\" data-track-category=\"Link no Texto\" data-track-links=\"\">A Medida Provis\u00f3ria que cria Minist\u00e9rio Extraordin\u00e1rio da Seguran\u00e7a P\u00fablica foi publicada no Di\u00e1rio Oficial da Uni\u00e3o.\u00a0Raul Jungmann, que deixar\u00e1 a Defesa, tomar\u00e1 posse nesta ter\u00e7a-feira (27) em cerim\u00f4nia no Pal\u00e1cio do Planalto.<\/p>\n<\/div>\n<div class=\"mc-column content-text active-extra-styles \" data-block-type=\"unstyled\" data-block-weight=\"29\" data-block-id=\"3\">\n<p class=\"content-text__container \" data-track-category=\"Link no Texto\" data-track-links=\"\">Segundo a Presid\u00eancia, o novo minist\u00e9rio ter\u00e1 como miss\u00e3o \u201ccoordenar e promover a integra\u00e7\u00e3o da seguran\u00e7a p\u00fablica em todo o territ\u00f3rio nacional em coopera\u00e7\u00e3o com os demais entes federativos\u201d.<\/p>\n<\/div>\n<div class=\"mc-column content-text active-extra-styles \" data-block-type=\"unstyled\" data-block-weight=\"25\" data-block-id=\"4\">\n<p class=\"content-text__container \" data-track-category=\"Link no Texto\" data-track-links=\"\">O Minist\u00e9rio da Seguran\u00e7a P\u00fablica ser\u00e1 respons\u00e1vel, por exemplo, pela Pol\u00edcia Federal e pela Pol\u00edcia Rodovi\u00e1ria Federal, atualmente sob o comando do Minist\u00e9rio da Justi\u00e7a.<\/p>\n<\/div>\n<div class=\"mc-column content-text active-extra-styles \" data-block-type=\"unstyled\" data-block-weight=\"29\" data-block-id=\"5\">\n<p class=\"content-text__container \" data-track-category=\"Link no Texto\" data-track-links=\"\">O Departamento Penitenci\u00e1rio Nacional (Depen), os conselhos de Seguran\u00e7a P\u00fablica e de Pol\u00edtica Criminal e Penitenci\u00e1ria, al\u00e9m da Secretaria Nacional de Seguran\u00e7a P\u00fablica, tamb\u00e9m migrar\u00e3o para o novo minist\u00e9rio.<\/p>\n<\/div>\n<div class=\"mc-column content-text active-extra-styles \" data-block-type=\"unstyled\" data-block-weight=\"24\" data-block-id=\"6\">\n<p class=\"content-text__container \" data-track-category=\"Link no Texto\" data-track-links=\"\">Por se tratar de uma MP, o ato de cria\u00e7\u00e3o do minist\u00e9rio j\u00e1 passa a valer como lei com a publica\u00e7\u00e3o no \u201cDi\u00e1rio Oficial\u201d.<\/p>\n<\/div>\n<div class=\"mc-column content-text active-extra-styles \" data-block-type=\"unstyled\" data-block-weight=\"32\" data-block-id=\"7\">\n<p class=\"content-text__container \" data-track-category=\"Link no Texto\" data-track-links=\"\">A partir da\u00ed, o Congresso Nacional ter\u00e1 at\u00e9 120 dias para aprovar, rejeitar ou at\u00e9 mesmo modificar a medida provis\u00f3ria. Se o texto n\u00e3o for analisado nesse prazo, a MP perder\u00e1 validade.<\/p>\n<p class=\"content-text__container \" data-track-category=\"Link no Texto\" data-track-links=\"\">Repercuss\u00e3o<\/p>\n<\/div>\n<div class=\"mc-column content-text active-extra-styles \" data-block-type=\"unstyled\" data-block-weight=\"16\" data-block-id=\"9\">\n<p class=\"content-text__container \" data-track-category=\"Link no Texto\" data-track-links=\"\">A cria\u00e7\u00e3o do minist\u00e9rio\u00a0gerou repercuss\u00e3o entre as entidades\u00a0que representam delegados e agentes da PF.<\/p>\n<\/div>\n<div class=\"mc-column content-text active-extra-styles \" data-block-type=\"unstyled\" data-block-weight=\"30\" data-block-id=\"10\">\n<p class=\"content-text__container \" data-track-category=\"Link no Texto\" data-track-links=\"\">A Associa\u00e7\u00e3o Nacional dos Delegados de Pol\u00edcia Federal (ADPF), por exemplo, divulgou nota nesta segunda na qual avaliou que a cria\u00e7\u00e3o do novo Minist\u00e9rio da Seguran\u00e7a P\u00fablica \u201cpode ser prejudicial\u201d.<\/p>\n<\/div>\n<div class=\"mc-column content-text active-extra-styles \" data-block-type=\"unstyled\" data-block-weight=\"16\" data-block-id=\"11\">\n<p class=\"content-text__container \" data-track-category=\"Link no Texto\" data-track-links=\"\">A Federa\u00e7\u00e3o Nacional dos Policiais Federais (Fenapef), por outro lado, disse ver a medida com \u201cotimismo\u201d.<\/p>\n<p><strong>CARIRI EM A\u00c7\u00c3O<\/strong><\/p>\n<p><em>Com Wscom\/Foto: Reprodu\u00e7\u00e3o google<\/em><\/p>\n<p><strong>Leia mais not\u00edcias em\u00a0<\/strong><a href=\"http:\/\/www.caririemacao.com\/\"><strong>caririemacao.com<\/strong><\/a><strong>, siga nossa p\u00e1gina no\u00a0<\/strong><a href=\"https:\/\/www.facebook.com\/CaririEmAcao\/?ref=aymt_homepage_panel\"><strong>Facebook<\/strong><\/a>,<strong>\u00a0<\/strong><a href=\"https:\/\/www.instagram.com\/cariri_em_acao\/?hl=pt-br\"><strong>Instagram<\/strong><\/a><strong>\u00a0e\u00a0<\/strong><a href=\"https:\/\/www.youtube.com\/channel\/UCAptA0jQuYQy8vMhLt2m4qg\"><strong>Youtube<\/strong><\/a><strong>\u00a0e veja nossas mat\u00e9rias, v\u00eddeos e fotos. Voc\u00ea tamb\u00e9m pode enviar informa\u00e7\u00f5es \u00e0 Reda\u00e7\u00e3o do Portal Cariri em A\u00e7\u00e3o pelo WhatsApp (83) 9 9634.5791, (83) 9 9601-1162.<\/strong><\/p>\n<\/div>\n","protected":false},"excerpt":{"rendered":"<p>A Medida Provis\u00f3ria que cria Minist\u00e9rio Extraordin\u00e1rio da Seguran\u00e7a P\u00fablica foi publicada no Di\u00e1rio Oficial da Uni\u00e3o.\u00a0Raul Jungmann, que deixar\u00e1 a Defesa, tomar\u00e1 posse nesta&hellip; <\/p>\n","protected":false},"author":2,"featured_media":42313,"comment_status":"closed","ping_status":"closed","sticky":false,"template":"","format":"standard","meta":{"sfsi_plus_gutenberg_text_before_share":"","sfsi_plus_gutenberg_show_text_before_share":"","sfsi_plus_gutenberg_icon_type":"","sfsi_plus_gutenberg_icon_alignemt":"","sfsi_plus_gutenburg_max_per_row":"","footnotes":""},"categories":[11],"tags":[],"class_list":["post-42311","post","type-post","status-publish","format-standard","has-post-thumbnail","hentry","category-politica"],"_links":{"self":[{"href":"https:\/\/www.caririemacao.com\/1\/wp-json\/wp\/v2\/posts\/42311","targetHints":{"allow":["GET"]}}],"collection":[{"href":"https:\/\/www.caririemacao.com\/1\/wp-json\/wp\/v2\/posts"}],"about":[{"href":"https:\/\/www.caririemacao.com\/1\/wp-json\/wp\/v2\/types\/post"}],"author":[{"embeddable":true,"href":"https:\/\/www.caririemacao.com\/1\/wp-json\/wp\/v2\/users\/2"}],"replies":[{"embeddable":true,"href":"https:\/\/www.caririemacao.com\/1\/wp-json\/wp\/v2\/comments?post=42311"}],"version-history":[{"count":0,"href":"https:\/\/www.caririemacao.com\/1\/wp-json\/wp\/v2\/posts\/42311\/revisions"}],"wp:featuredmedia":[{"embeddable":true,"href":"https:\/\/www.caririemacao.com\/1\/wp-json\/wp\/v2\/media\/42313"}],"wp:attachment":[{"href":"https:\/\/www.caririemacao.com\/1\/wp-json\/wp\/v2\/media?parent=42311"}],"wp:term":[{"taxonomy":"category","embeddable":true,"href":"https:\/\/www.caririemacao.com\/1\/wp-json\/wp\/v2\/categories?post=42311"},{"taxonomy":"post_tag","embeddable":true,"href":"https:\/\/www.caririemacao.com\/1\/wp-json\/wp\/v2\/tags?post=42311"}],"curies":[{"name":"wp","href":"https:\/\/api.w.org\/{rel}","templated":true}]}}