{"id":42320,"date":"2018-02-27T08:52:18","date_gmt":"2018-02-27T11:52:18","guid":{"rendered":"http:\/\/caririemacao.com\/1\/?p=42320"},"modified":"2018-02-27T08:52:18","modified_gmt":"2018-02-27T11:52:18","slug":"conta-de-luz-segue-com-bandeira-tarifaria-verde-em-marco","status":"publish","type":"post","link":"https:\/\/www.caririemacao.com\/1\/2018\/02\/27\/conta-de-luz-segue-com-bandeira-tarifaria-verde-em-marco\/","title":{"rendered":"Conta de luz segue com bandeira tarif\u00e1ria verde em mar\u00e7o"},"content":{"rendered":"<p>O pr\u00f3ximo m\u00eas come\u00e7ar\u00e1 com uma boa not\u00edcia para os brasileiros. A bandeira tarif\u00e1ria de mar\u00e7o continuar\u00e1 na cor verde, o que significa que n\u00e3o haver\u00e1 cobran\u00e7a extra nas contas de luz. A principal justificativa para a manuten\u00e7\u00e3o da cobran\u00e7a mais barata \u00e9 a condi\u00e7\u00e3o favor\u00e1vel na gera\u00e7\u00e3o de energia hidrel\u00e9trica do pa\u00eds.<\/p>\n<p>A volta das chuvas tamb\u00e9m contribuiu para que, pelo terceiro m\u00eas consecutivo, a bandeira verde permanecesse. Entretanto, nos \u00faltimos meses do ano passado, por causa do baixo n\u00edvel dos reservat\u00f3rios das hidrel\u00e9tricas, houve cobran\u00e7a extra nas contas de luz.<\/p>\n<p>Em outubro e novembro, por exemplo, vigorou a bandeira vermelha no patamar 2, a mais alta de todas. Em outubro, o acr\u00e9scimo foi de R$ 3,50 a cada 100 kWh consumidos no m\u00eas. Em novembro, como a Aneel antecipou a revis\u00e3o dos valores que seriam aplicados a partir de janeiro de 2018, o valor adicional passou para R$ 5,00 a cada 100 kWh.<\/p>\n<p>J\u00e1 em dezembro, em raz\u00e3o do in\u00edcio do per\u00edodo chuvoso, a Aneel determinou a cobran\u00e7a da bandeira vermelha, mas no patamar 1, com cobran\u00e7a extra de R$ 3,00 a cada 100 kWh.<\/p>\n<p>Essa altera\u00e7\u00e3o na cor da bandeira serve para arrecadar dinheiro e cobrir custos extras com a produ\u00e7\u00e3o de energia mais cara, que \u00e9 gerada pelas termel\u00e9tricas.<\/p>\n<p><strong>CARIRI EM A\u00c7\u00c3O<\/strong><\/p>\n<p><em>Com Ag\u00eancia R\u00e1dio\/Foto: Reprodu\u00e7\u00e3o google<\/em><\/p>\n<p><strong>Leia mais not\u00edcias em\u00a0<\/strong><a href=\"http:\/\/www.caririemacao.com\/\"><strong>caririemacao.com<\/strong><\/a><strong>, siga nossa p\u00e1gina no\u00a0<\/strong><a href=\"https:\/\/www.facebook.com\/CaririEmAcao\/?ref=aymt_homepage_panel\"><strong>Facebook<\/strong><\/a>,<strong>\u00a0<\/strong><a href=\"https:\/\/www.instagram.com\/cariri_em_acao\/?hl=pt-br\"><strong>Instagram<\/strong><\/a><strong>\u00a0e\u00a0<\/strong><a href=\"https:\/\/www.youtube.com\/channel\/UCAptA0jQuYQy8vMhLt2m4qg\"><strong>Youtube<\/strong><\/a><strong>\u00a0e veja nossas mat\u00e9rias, v\u00eddeos e fotos. Voc\u00ea tamb\u00e9m pode enviar informa\u00e7\u00f5es \u00e0 Reda\u00e7\u00e3o do Portal Cariri em A\u00e7\u00e3o pelo WhatsApp (83) 9 9634.5791, (83) 9 9601-1162.<\/strong><\/p>\n","protected":false},"excerpt":{"rendered":"<p>O pr\u00f3ximo m\u00eas come\u00e7ar\u00e1 com uma boa not\u00edcia para os brasileiros. A bandeira tarif\u00e1ria de mar\u00e7o continuar\u00e1 na cor verde, o que significa que n\u00e3o&hellip; <\/p>\n","protected":false},"author":2,"featured_media":42321,"comment_status":"closed","ping_status":"closed","sticky":false,"template":"","format":"standard","meta":{"sfsi_plus_gutenberg_text_before_share":"","sfsi_plus_gutenberg_show_text_before_share":"","sfsi_plus_gutenberg_icon_type":"","sfsi_plus_gutenberg_icon_alignemt":"","sfsi_plus_gutenburg_max_per_row":"","footnotes":""},"categories":[2],"tags":[],"class_list":["post-42320","post","type-post","status-publish","format-standard","has-post-thumbnail","hentry","category-geral"],"_links":{"self":[{"href":"https:\/\/www.caririemacao.com\/1\/wp-json\/wp\/v2\/posts\/42320","targetHints":{"allow":["GET"]}}],"collection":[{"href":"https:\/\/www.caririemacao.com\/1\/wp-json\/wp\/v2\/posts"}],"about":[{"href":"https:\/\/www.caririemacao.com\/1\/wp-json\/wp\/v2\/types\/post"}],"author":[{"embeddable":true,"href":"https:\/\/www.caririemacao.com\/1\/wp-json\/wp\/v2\/users\/2"}],"replies":[{"embeddable":true,"href":"https:\/\/www.caririemacao.com\/1\/wp-json\/wp\/v2\/comments?post=42320"}],"version-history":[{"count":0,"href":"https:\/\/www.caririemacao.com\/1\/wp-json\/wp\/v2\/posts\/42320\/revisions"}],"wp:featuredmedia":[{"embeddable":true,"href":"https:\/\/www.caririemacao.com\/1\/wp-json\/wp\/v2\/media\/42321"}],"wp:attachment":[{"href":"https:\/\/www.caririemacao.com\/1\/wp-json\/wp\/v2\/media?parent=42320"}],"wp:term":[{"taxonomy":"category","embeddable":true,"href":"https:\/\/www.caririemacao.com\/1\/wp-json\/wp\/v2\/categories?post=42320"},{"taxonomy":"post_tag","embeddable":true,"href":"https:\/\/www.caririemacao.com\/1\/wp-json\/wp\/v2\/tags?post=42320"}],"curies":[{"name":"wp","href":"https:\/\/api.w.org\/{rel}","templated":true}]}}