{"id":42323,"date":"2018-02-27T09:16:03","date_gmt":"2018-02-27T12:16:03","guid":{"rendered":"http:\/\/caririemacao.com\/1\/?p=42323"},"modified":"2018-02-27T09:16:03","modified_gmt":"2018-02-27T12:16:03","slug":"fnde-publica-resolucao-para-finalizacao-de-creches-inacabadas","status":"publish","type":"post","link":"https:\/\/www.caririemacao.com\/1\/2018\/02\/27\/fnde-publica-resolucao-para-finalizacao-de-creches-inacabadas\/","title":{"rendered":"FNDE publica resolu\u00e7\u00e3o para finaliza\u00e7\u00e3o de creches inacabadas"},"content":{"rendered":"<p>Mais uma importante vit\u00f3ria aos Munic\u00edpios. O Fundo Nacional de Desenvolvimento da Educa\u00e7\u00e3o (FNDE) publicou normativa que viabiliza a finaliza\u00e7\u00e3o das creches inacabadas no pa\u00eds. A Resolu\u00e7\u00e3o 3\/2018 era uma reivindica\u00e7\u00e3o dos Munic\u00edpios e traz a possibilidade de os Entes federados firmarem novos termos de compromissos, com fundamento na Lei 12.695\/2012.<\/p>\n<p>A norma trata de obras decorrentes de instrumentos cujos prazos de execu\u00e7\u00e3o tenham se esgotado, sem que o objeto inicialmente acertado entre as partes tenha sido conclu\u00eddo. A possibilidade de as Prefeituras receberem a verba, para este fim, foi anunciada durante reuni\u00e3o do Conselho Pol\u00edtico Ampliado, na sede da CNM, no dia 20 de fevereiro, com a participa\u00e7\u00e3o do presidente do FNDE, Silvio Pinheiro.<\/p>\n<p>De acordo com ele, um total de R$ 456 milh\u00f5es deve ser destinada \u00e0 conclus\u00e3o de obras inacabadas. Pelo menos R$ 100 milh\u00f5es devem ser repassados, nos pr\u00f3ximos dias, e permitir acesso ao saldo em conta de mais de R$ 35 milh\u00f5es. .<\/p>\n<p>Durante a reuni\u00e3o, Pinheiro e o presidente da CNM, Paulo Ziulkoski, assinaram acordo de colabora\u00e7\u00e3o para que representantes da entidade municipalista participe de todos os debates e das tomadas de decis\u00e3o que envolvam o Fundo e os Entes municipais.<\/p>\n<p><strong>A\u00e7\u00f5es<\/strong><\/p>\n<p>Em busca de medidas para solucionar o grande n\u00famero de obras inacabadas, inclusive creches, a CNM tem desenvolvido diversas a\u00e7\u00f5es e divulgado n\u00fameros do cen\u00e1rio, em n\u00edvel nacional. No que tange \u00e0s obras das creches, paralisadas ou inacabadas, a Confedera\u00e7\u00e3o levou a problem\u00e1tica ao Tribunal de Contas da Uni\u00e3o (TCU), ao Minist\u00e9rio da Educa\u00e7\u00e3o (MEC) e ao FNDE.<\/p>\n<p>Os \u00faltimos avan\u00e7os representam grande conquista aos Munic\u00edpios. A entidade destaca que agora \u00e9 importante o interesse dos Munic\u00edpios em solucionar a situa\u00e7\u00e3o das creches inacabadas e paralisadas.<\/p>\n<p>Ainda assim, a Confedera\u00e7\u00e3o continuar\u00e1 na luta por solu\u00e7\u00f5es e alternativas que proporcionem a conclus\u00e3o definitiva dessas obras em todo territ\u00f3rio nacional.<\/p>\n<p>Veja a \u00edntegra da Resolu\u00e7\u00e3o\u00a0<a href=\"http:\/\/pesquisa.in.gov.br\/imprensa\/jsp\/visualiza\/index.jsp?data=26\/02\/2018&amp;jornal=515&amp;pagina=42&amp;totalArquivos=252\"><strong>aqui<\/strong><\/a>.<\/p>\n<p><strong>CARIRI EM A\u00c7\u00c3O<\/strong><em>\u00a0<\/em><\/p>\n<p><strong>Leia mais not\u00edcias em\u00a0<\/strong><a href=\"http:\/\/www.caririemacao.com\/\"><strong>caririemacao.com<\/strong><\/a><strong>, siga nossa p\u00e1gina no\u00a0<\/strong><a href=\"https:\/\/www.facebook.com\/CaririEmAcao\/?ref=aymt_homepage_panel\"><strong>Facebook<\/strong><\/a>,<strong>\u00a0<\/strong><a href=\"https:\/\/www.instagram.com\/cariri_em_acao\/?hl=pt-br\"><strong>Instagram<\/strong><\/a><strong>\u00a0e\u00a0<\/strong><a href=\"https:\/\/www.youtube.com\/channel\/UCAptA0jQuYQy8vMhLt2m4qg\"><strong>Youtube<\/strong><\/a><strong>\u00a0e veja nossas mat\u00e9rias, v\u00eddeos e fotos. Voc\u00ea tamb\u00e9m pode enviar informa\u00e7\u00f5es \u00e0 Reda\u00e7\u00e3o do Portal Cariri em A\u00e7\u00e3o pelo WhatsApp (83) 9 9634.5791, (83) 9 9601-1162.<\/strong><\/p>\n","protected":false},"excerpt":{"rendered":"<p>Mais uma importante vit\u00f3ria aos Munic\u00edpios. O Fundo Nacional de Desenvolvimento da Educa\u00e7\u00e3o (FNDE) publicou normativa que viabiliza a finaliza\u00e7\u00e3o das creches inacabadas no pa\u00eds.&hellip; <\/p>\n","protected":false},"author":2,"featured_media":42324,"comment_status":"closed","ping_status":"closed","sticky":false,"template":"","format":"standard","meta":{"sfsi_plus_gutenberg_text_before_share":"","sfsi_plus_gutenberg_show_text_before_share":"","sfsi_plus_gutenberg_icon_type":"","sfsi_plus_gutenberg_icon_alignemt":"","sfsi_plus_gutenburg_max_per_row":"","footnotes":""},"categories":[2],"tags":[],"class_list":["post-42323","post","type-post","status-publish","format-standard","has-post-thumbnail","hentry","category-geral"],"_links":{"self":[{"href":"https:\/\/www.caririemacao.com\/1\/wp-json\/wp\/v2\/posts\/42323","targetHints":{"allow":["GET"]}}],"collection":[{"href":"https:\/\/www.caririemacao.com\/1\/wp-json\/wp\/v2\/posts"}],"about":[{"href":"https:\/\/www.caririemacao.com\/1\/wp-json\/wp\/v2\/types\/post"}],"author":[{"embeddable":true,"href":"https:\/\/www.caririemacao.com\/1\/wp-json\/wp\/v2\/users\/2"}],"replies":[{"embeddable":true,"href":"https:\/\/www.caririemacao.com\/1\/wp-json\/wp\/v2\/comments?post=42323"}],"version-history":[{"count":0,"href":"https:\/\/www.caririemacao.com\/1\/wp-json\/wp\/v2\/posts\/42323\/revisions"}],"wp:featuredmedia":[{"embeddable":true,"href":"https:\/\/www.caririemacao.com\/1\/wp-json\/wp\/v2\/media\/42324"}],"wp:attachment":[{"href":"https:\/\/www.caririemacao.com\/1\/wp-json\/wp\/v2\/media?parent=42323"}],"wp:term":[{"taxonomy":"category","embeddable":true,"href":"https:\/\/www.caririemacao.com\/1\/wp-json\/wp\/v2\/categories?post=42323"},{"taxonomy":"post_tag","embeddable":true,"href":"https:\/\/www.caririemacao.com\/1\/wp-json\/wp\/v2\/tags?post=42323"}],"curies":[{"name":"wp","href":"https:\/\/api.w.org\/{rel}","templated":true}]}}