{"id":42330,"date":"2018-02-27T10:58:16","date_gmt":"2018-02-27T13:58:16","guid":{"rendered":"http:\/\/caririemacao.com\/1\/?p=42330"},"modified":"2018-02-27T10:58:16","modified_gmt":"2018-02-27T13:58:16","slug":"fundac-abre-28-vagas-de-estagio-para-estudantes-do-curso-de-direito-da-ufpb","status":"publish","type":"post","link":"https:\/\/www.caririemacao.com\/1\/2018\/02\/27\/fundac-abre-28-vagas-de-estagio-para-estudantes-do-curso-de-direito-da-ufpb\/","title":{"rendered":"Fundac abre 28 vagas de est\u00e1gio para estudantes do curso de Direito da UFPB"},"content":{"rendered":"<p>A Funda\u00e7\u00e3o Desenvolvimento da Crian\u00e7a e do Adolescente \u201cAlice de Almeida\u201d (Fundac) realizar\u00e1 processo seletivo simplificado para est\u00e1gio n\u00e3o remunerado de estudantes do curso de Direito, campus de Santa Rita da Universidade Federal da Para\u00edba (UFPB), por meio de conv\u00eanio (n\u00ba152\/2017) com o Centro de Ci\u00eancias Jur\u00eddicas da Universidade Federal da Para\u00edba e o Departamento de Ci\u00eancias Jur\u00eddicas \u2013 DCJ\/UFPB. As inscri\u00e7\u00f5es podem ser feitas at\u00e9 esta quarta-feira (28), no DCJ\/UFPB, junto \u00e0 assessoria de est\u00e1gio e monitoria do Campus.<\/p>\n<p>O processo seletivo, de acordo com os editais 001\/2018 e 002\/2018, destina-se ao preenchimento de 28 vagas de estagi\u00e1rio que ser\u00e3o distribu\u00eddas entre as unidades de atendimento socioeducativo de Jo\u00e3o Pessoa e a sede administrativa da Fundac, a partir do semestre letivo 2018.1. Al\u00e9m das vagas de est\u00e1gio, os editais abrem 52 vagas para cadastro de reserva, a serem preenchidas em obedi\u00eancia \u00e0 ordem de classifica\u00e7\u00e3o.<\/p>\n<p>Os estudantes interessados dever\u00e3o procurar a assessoria de est\u00e1gio e monitoria do DCJ, das 8h \u00e0s 20h, portando os seguintes documentos: foto 3&#215;4; declara\u00e7\u00e3o de matr\u00edcula do 4\u00ba semestre letivo ou 6\u00ba semestre letivo do curso de direito da UFPB no ato da inscri\u00e7\u00e3o; hist\u00f3rico escolar atualizado com m\u00e9dia m\u00ednima de CRE igual ou superior a 7,0 (sete), e declara\u00e7\u00e3o do candidato confirmando o preenchimento dos requisitos sob as penas da lei e que descreva o CRE constante do hist\u00f3rico e do per\u00edodo de matr\u00edcula.<\/p>\n<p>Segundo A\u00e9cio Bandeira, chefe de departamento do CCJ\/UFPB, a sele\u00e7\u00e3o acontecer\u00e1 no pr\u00f3prio Centro de Ci\u00eancias Jur\u00eddicas, por meio de uma avalia\u00e7\u00e3o did\u00e1tica, aplicada pela assessoria de est\u00e1gio e monitoria do Departamento, nos dias 5 e 6 de mar\u00e7o. Da sele\u00e7\u00e3o sair\u00e1 a lista completa dos candidatos aprovados e classificados que ser\u00e3o nomeados e distribu\u00eddos pela coordena\u00e7\u00e3o de est\u00e1gios da Fundac, de acordo com a necessidade institucional.<\/p>\n<p>A parceria entre a Fundac e a coordena\u00e7\u00e3o do CCJ\/UFPB Campus Santa Rita se deu pelo esfor\u00e7o conjunto do\u00a0 presidente da Fundac, Noaldo Belo de Meireles, do coordenador do curso \u2013 DCJ\/Santa Rita, Giscard Agra e de A\u00e9cio Bandeira (chefe de gabinete DCJ), al\u00e9m da articula\u00e7\u00e3o entre o eixo Est\u00e1gios da Fundac (Concei\u00e7\u00e3o Belmiro e Greg\u00f3ria Ben\u00e1rio), e a coordena\u00e7\u00e3o de est\u00e1gios do DCJ\/CCJ\/UFPB (Guthemberg Cardoso Agra).<\/p>\n<p>\u201cEsta parceria tem como finalidade concretizar a\u00e7\u00f5es, ampliando novos espa\u00e7os profissionais e de conhecimento t\u00e9cnico cient\u00edfico; possibilitando, tamb\u00e9m, melhorar as condi\u00e7\u00f5es de atendimento aos adolescentes que est\u00e3o cumprindo medida socioeducativas de interna\u00e7\u00e3o, semiliberdade e interna\u00e7\u00e3o provis\u00f3ria\u201d, explicou Concei\u00e7\u00e3o Belmiro, coordenadora do eixo Est\u00e1gio da Fundac.<\/p>\n<p><strong>CARIRI EM A\u00c7\u00c3O<\/strong><\/p>\n<p><em>Com Reda\u00e7\u00e3o com assessoria<\/em><em>\/Foto: Reprodu\u00e7\u00e3o google<\/em><\/p>\n<p><strong>Leia mais not\u00edcias em\u00a0<\/strong><a href=\"http:\/\/www.caririemacao.com\/\"><strong>caririemacao.com<\/strong><\/a><strong>, siga nossa p\u00e1gina no\u00a0<\/strong><a href=\"https:\/\/www.facebook.com\/CaririEmAcao\/?ref=aymt_homepage_panel\"><strong>Facebook<\/strong><\/a>,<strong>\u00a0<\/strong><a href=\"https:\/\/www.instagram.com\/cariri_em_acao\/?hl=pt-br\"><strong>Instagram<\/strong><\/a><strong>\u00a0e\u00a0<\/strong><a href=\"https:\/\/www.youtube.com\/channel\/UCAptA0jQuYQy8vMhLt2m4qg\"><strong>Youtube<\/strong><\/a><strong>\u00a0e veja nossas mat\u00e9rias, v\u00eddeos e fotos. Voc\u00ea tamb\u00e9m pode enviar informa\u00e7\u00f5es \u00e0 Reda\u00e7\u00e3o do Portal Cariri em A\u00e7\u00e3o pelo WhatsApp (83) 9 9634.5791, (83) 9 9601-1162.<\/strong><\/p>\n","protected":false},"excerpt":{"rendered":"<p>A Funda\u00e7\u00e3o Desenvolvimento da Crian\u00e7a e do Adolescente \u201cAlice de Almeida\u201d (Fundac) realizar\u00e1 processo seletivo simplificado para est\u00e1gio n\u00e3o remunerado de estudantes do curso de&hellip; <\/p>\n","protected":false},"author":2,"featured_media":24592,"comment_status":"closed","ping_status":"closed","sticky":false,"template":"","format":"standard","meta":{"sfsi_plus_gutenberg_text_before_share":"","sfsi_plus_gutenberg_show_text_before_share":"","sfsi_plus_gutenberg_icon_type":"","sfsi_plus_gutenberg_icon_alignemt":"","sfsi_plus_gutenburg_max_per_row":"","footnotes":""},"categories":[14],"tags":[],"class_list":["post-42330","post","type-post","status-publish","format-standard","has-post-thumbnail","hentry","category-educacao"],"_links":{"self":[{"href":"https:\/\/www.caririemacao.com\/1\/wp-json\/wp\/v2\/posts\/42330","targetHints":{"allow":["GET"]}}],"collection":[{"href":"https:\/\/www.caririemacao.com\/1\/wp-json\/wp\/v2\/posts"}],"about":[{"href":"https:\/\/www.caririemacao.com\/1\/wp-json\/wp\/v2\/types\/post"}],"author":[{"embeddable":true,"href":"https:\/\/www.caririemacao.com\/1\/wp-json\/wp\/v2\/users\/2"}],"replies":[{"embeddable":true,"href":"https:\/\/www.caririemacao.com\/1\/wp-json\/wp\/v2\/comments?post=42330"}],"version-history":[{"count":0,"href":"https:\/\/www.caririemacao.com\/1\/wp-json\/wp\/v2\/posts\/42330\/revisions"}],"wp:featuredmedia":[{"embeddable":true,"href":"https:\/\/www.caririemacao.com\/1\/wp-json\/wp\/v2\/media\/24592"}],"wp:attachment":[{"href":"https:\/\/www.caririemacao.com\/1\/wp-json\/wp\/v2\/media?parent=42330"}],"wp:term":[{"taxonomy":"category","embeddable":true,"href":"https:\/\/www.caririemacao.com\/1\/wp-json\/wp\/v2\/categories?post=42330"},{"taxonomy":"post_tag","embeddable":true,"href":"https:\/\/www.caririemacao.com\/1\/wp-json\/wp\/v2\/tags?post=42330"}],"curies":[{"name":"wp","href":"https:\/\/api.w.org\/{rel}","templated":true}]}}