{"id":42333,"date":"2018-02-27T11:01:29","date_gmt":"2018-02-27T14:01:29","guid":{"rendered":"http:\/\/caririemacao.com\/1\/?p=42333"},"modified":"2018-02-27T11:01:29","modified_gmt":"2018-02-27T14:01:29","slug":"anestesia-pode-causar-perda-de-memoria-diz-estudo","status":"publish","type":"post","link":"https:\/\/www.caririemacao.com\/1\/2018\/02\/27\/anestesia-pode-causar-perda-de-memoria-diz-estudo\/","title":{"rendered":"Anestesia pode causar perda de mem\u00f3ria, diz estudo"},"content":{"rendered":"<p>Um grupo de cientistas da University of Wisconsin-Madison, nos Estados Unidos, publicou um estudo no peri\u00f3dico\u00a0Anaesthesia, sobre uma rea\u00e7\u00e3o das anestesias em rela\u00e7\u00e3o ao c\u00e9rebro. De acordo com os estudiosos, pessoas que foram submetidas \u00e0 anestesia geral apresentaram problemas de mem\u00f3ria devido a pequenas altera\u00e7\u00f5es cerebrais assintom\u00e1ticas que alteram a capacidade de lembrar informa\u00e7\u00f5es em certos per\u00edodos de tempo.<\/p>\n<p>O estudo foi feito com 964 pacientes sem nenhum sinal de Alzheimer, dem\u00eancia ou comprometimento cognitivo antes da cirurgia, atrav\u00e9s de medi\u00e7\u00e3o de mem\u00f3ria e fun\u00e7\u00e3o executiva. Desses pacientes, 312 passaram por pelo menos uma cirurgia com anestesia local, em compara\u00e7\u00e3o com 652 que n\u00e3o passaram por nenhum procedimento cir\u00fargico.<\/p>\n<p>Ap\u00f3s an\u00e1lise de dados, os cientistas constataram que houve uma diminui\u00e7\u00e3o not\u00f3ria imediata de mem\u00f3ria recente \u2013 \u00faltimos quatro anos \u2013 nos pacientes que passaram por cirurgias. A mem\u00f3ria se tornou algo dif\u00edcil de se acessar em 18% dos que passaram por cirurgias, comparado com 10% dos que n\u00e3o passaram.<\/p>\n<p>\u201cAs mudan\u00e7as cognitivas ap\u00f3s a cirurgia s\u00e3o pequenas \u2013 provavelmente assintom\u00e1ticas e sob a consci\u00eancia de uma pessoa. Levados em conjunto, esses dados sugerem que pacientes com cirurgia e anestesia s\u00e3o mais propensos a terem desempenho prejudicado em testes neuropsicol\u00f3gicos de mem\u00f3ria e fun\u00e7\u00e3o executiva\u201d, explica Dr. Kirk Hogan, um dos autores do estudo, ao jornal brit\u00e2nico\u00a0Daily Mail.<\/p>\n<p>Este n\u00e3o \u00e9 o primeiro estudo a vincular a anestesia com altera\u00e7\u00f5es cerebrais e perda de mem\u00f3ria. Um estudo de 2014 publicado no\u00a0Journal of Clinical Investigation\u00a0descobriu que um ter\u00e7o dos pacientes que levam anestesia em cirurgias experimentam algum tipo de comprometimento cognitivo \u2013 incluindo confus\u00e3o e mau funcionamento cerebral.<\/p>\n<p><strong>CARIRI EM A\u00c7\u00c3O<\/strong><em>\u00a0<\/em><\/p>\n<p>Com Mais PB\/Foto: Reprodu\u00e7\u00e3o google<\/p>\n<p><strong>Leia mais not\u00edcias em\u00a0<\/strong><a href=\"http:\/\/www.caririemacao.com\/\"><strong>caririemacao.com<\/strong><\/a><strong>, siga nossa p\u00e1gina no\u00a0<\/strong><a href=\"https:\/\/www.facebook.com\/CaririEmAcao\/?ref=aymt_homepage_panel\"><strong>Facebook<\/strong><\/a>,<strong>\u00a0<\/strong><a href=\"https:\/\/www.instagram.com\/cariri_em_acao\/?hl=pt-br\"><strong>Instagram<\/strong><\/a><strong>\u00a0e\u00a0<\/strong><a href=\"https:\/\/www.youtube.com\/channel\/UCAptA0jQuYQy8vMhLt2m4qg\"><strong>Youtube<\/strong><\/a><strong>\u00a0e veja nossas mat\u00e9rias, v\u00eddeos e fotos. Voc\u00ea tamb\u00e9m pode enviar informa\u00e7\u00f5es \u00e0 Reda\u00e7\u00e3o do Portal Cariri em A\u00e7\u00e3o pelo WhatsApp (83) 9 9634.5791, (83) 9 9601-1162.<\/strong><\/p>\n","protected":false},"excerpt":{"rendered":"<p>Um grupo de cientistas da University of Wisconsin-Madison, nos Estados Unidos, publicou um estudo no peri\u00f3dico\u00a0Anaesthesia, sobre uma rea\u00e7\u00e3o das anestesias em rela\u00e7\u00e3o ao c\u00e9rebro.&hellip; <\/p>\n","protected":false},"author":2,"featured_media":10621,"comment_status":"closed","ping_status":"closed","sticky":false,"template":"","format":"standard","meta":{"sfsi_plus_gutenberg_text_before_share":"","sfsi_plus_gutenberg_show_text_before_share":"","sfsi_plus_gutenberg_icon_type":"","sfsi_plus_gutenberg_icon_alignemt":"","sfsi_plus_gutenburg_max_per_row":"","footnotes":""},"categories":[16],"tags":[],"class_list":["post-42333","post","type-post","status-publish","format-standard","has-post-thumbnail","hentry","category-saude"],"_links":{"self":[{"href":"https:\/\/www.caririemacao.com\/1\/wp-json\/wp\/v2\/posts\/42333","targetHints":{"allow":["GET"]}}],"collection":[{"href":"https:\/\/www.caririemacao.com\/1\/wp-json\/wp\/v2\/posts"}],"about":[{"href":"https:\/\/www.caririemacao.com\/1\/wp-json\/wp\/v2\/types\/post"}],"author":[{"embeddable":true,"href":"https:\/\/www.caririemacao.com\/1\/wp-json\/wp\/v2\/users\/2"}],"replies":[{"embeddable":true,"href":"https:\/\/www.caririemacao.com\/1\/wp-json\/wp\/v2\/comments?post=42333"}],"version-history":[{"count":0,"href":"https:\/\/www.caririemacao.com\/1\/wp-json\/wp\/v2\/posts\/42333\/revisions"}],"wp:featuredmedia":[{"embeddable":true,"href":"https:\/\/www.caririemacao.com\/1\/wp-json\/wp\/v2\/media\/10621"}],"wp:attachment":[{"href":"https:\/\/www.caririemacao.com\/1\/wp-json\/wp\/v2\/media?parent=42333"}],"wp:term":[{"taxonomy":"category","embeddable":true,"href":"https:\/\/www.caririemacao.com\/1\/wp-json\/wp\/v2\/categories?post=42333"},{"taxonomy":"post_tag","embeddable":true,"href":"https:\/\/www.caririemacao.com\/1\/wp-json\/wp\/v2\/tags?post=42333"}],"curies":[{"name":"wp","href":"https:\/\/api.w.org\/{rel}","templated":true}]}}