{"id":42335,"date":"2018-02-27T11:20:24","date_gmt":"2018-02-27T14:20:24","guid":{"rendered":"http:\/\/caririemacao.com\/1\/?p=42335"},"modified":"2018-02-27T11:20:24","modified_gmt":"2018-02-27T14:20:24","slug":"novo-ministro-da-defesa-foi-condenado-no-tcu-por-irregularidade","status":"publish","type":"post","link":"https:\/\/www.caririemacao.com\/1\/2018\/02\/27\/novo-ministro-da-defesa-foi-condenado-no-tcu-por-irregularidade\/","title":{"rendered":"Novo ministro da Defesa foi condenado no TCU por irregularidade"},"content":{"rendered":"<p>Novo ministro da Defesa, o general da reserva do Ex\u00e9rcito Joaquim Silva e Luna j\u00e1 foi condenado pelo\u00a0Tribunal de Contas da Uni\u00e3o (TCU), em 2013, por irregularidades em um conv\u00eanio assinado entre o Ex\u00e9rcito e entidades sem fins lucrativos para os\u00a0Jogos Mundiais Militares\u00a0em 2011.<\/p>\n<p>O tribunal apontou que era necess\u00e1rio realizar licita\u00e7\u00e3o e que tamb\u00e9m deveria haver a comprova\u00e7\u00e3o de interesses rec\u00edprocos entre o Ex\u00e9rcito Brasileiro, representando a Uni\u00e3o, e tr\u00eas entidades sem fins lucrativos, a saber: Funda\u00e7\u00e3o Ricardo Franco (FRF), Instituto de Fomento e Inova\u00e7\u00e3o do Ex\u00e9rcito Brasileiro (Ifiex) e Funda\u00e7\u00e3o Marechal Roberto Trompowsky Leit\u00e3o de Almeida (FT).<\/p>\n<p>&#8220;As graves lacunas verificadas no parecer do consultor jur\u00eddico conduzem-me \u00e0 convic\u00e7\u00e3o de ocorr\u00eancia de erro grosseiro e de aus\u00eancia de dilig\u00eancia m\u00ednima no cumprimento do mister legal&#8221;, diz o ac\u00f3rd\u00e3o da decis\u00e3o condenat\u00f3ria de 2013. &#8220;Considerando que o parecer jur\u00eddico em que se alega respaldar o ato impugnado n\u00e3o foi devidamente fundamentado, n\u00e3o defende tese aceit\u00e1vel, tampouco est\u00e1 alicer\u00e7ado em doutrina e jurisprud\u00eancia, n\u00e3o cabe afastar a responsabilidade e a culpabilidade do emissor, tampouco do gestor que o acolheu como motivo para celebra\u00e7\u00e3o do Conv\u00eanio 658.571.&#8221;<\/p>\n<p>Ap\u00f3s as defesas entrarem com recursos, houve um primeiro reexame do caso, e o TCU manteve a puni\u00e7\u00e3o original, de multa. Mas, depois de uma nova apela\u00e7\u00e3o dos advogados, o tribunal tornou nula a aplica\u00e7\u00e3o de multa aos condenados &#8211; Altair Pedro Pires da Motta, ex-consultor Jur\u00eddico Adjunto do Comando do Ex\u00e9rcito; Augusto Heleno Ribeiro Pereira, ex-chefe da Diretoria de Ci\u00eancia e Tecnologia do Ex\u00e9rcito brasileiro; e o pr\u00f3prio Joaquim Silva e Luna, ex-Chefe do Estado Maior do Ex\u00e9rcito.<\/p>\n<p>A Advocacia-Geral da Uni\u00e3o (AGU) ainda recorreu da decis\u00e3o, mas o TCU a manteve. O ministro relator do recurso da AGU, Marcos Bemquerer Costa, no entanto, observou que, mesmo com a anula\u00e7\u00e3o da multa, outras recomenda\u00e7\u00f5es e ci\u00eancias de irregularidades permaneceram v\u00e1lidas.<\/p>\n<p>&#8220;N\u00e3o h\u00e1 qualquer contradi\u00e7\u00e3o no fato de as multas aplicadas terem sido exclu\u00eddas por meio do ac\u00f3rd\u00e3o embargado. Tal fato se deveu n\u00e3o em raz\u00e3o do reconhecimento de que houve equ\u00edvoco na aprecia\u00e7\u00e3o dos fatos que ensejaram a sua aplica\u00e7\u00e3o &#8211; permanecem inc\u00f3lumes as conclus\u00f5es acerca da aus\u00eancia de interesses rec\u00edprocos na assinatura dos conv\u00eanios e a caracteriza\u00e7\u00e3o de erro grosseiro em parecer jur\u00eddico de natureza vinculativa -, mas, sim, em consequ\u00eancia do contexto f\u00e1tico pelo qual passava o Comando do Ex\u00e9rcito \u00e0 \u00e9poca dos conv\u00eanios firmados, conforme considera\u00e7\u00f5es apresentadas no voto que fundamenta a decis\u00e3o atacada&#8221;, disse o relator. &#8220;Tanto \u00e9 assim que a \u00fanica reforma promovida com o acolhimento excepcional dos embargos opostos anteriormente foi o cancelamento das multas. Todas as demais disposi\u00e7\u00f5es da decis\u00e3o original, inclusive determina\u00e7\u00f5es, recomenda\u00e7\u00f5es e ci\u00eancias de irregularidades, permaneceram plenamente v\u00e1lidas.&#8221;<\/p>\n<p>Silva e Luna substituir\u00e1 Raul Jungmann, deslocado pelo presidente Michel Temer para o rec\u00e9m criado Minist\u00e9rio Extraordin\u00e1rio da Seguran\u00e7a P\u00fablica. Ele ser\u00e1 o primeiro militar a comandar a pasta da Defesa, criada em 1999.<\/p>\n<h3 class=\"intertitulo\">Defesa<\/h3>\n<p>O general da reserva Joaquim Silva e Luna ressaltou que o recurso da defesa foi aceito pelo tribunal, e o processo, arquivado.<\/p>\n<p>&#8220;Esse processo foi do TCU aplicando uma multa de R$ 1 mil por um conv\u00eanio que entenderam erradamente que deveria ser uma licita\u00e7\u00e3o. N\u00e3o sabia. S\u00f3 soube, depois. Recorri e ganhei. H\u00e1 um ac\u00f3rd\u00e3o do TCU do ano passado, aceitando e arquivando o processo&#8221;, disse.<\/p>\n<p><strong>CARIRI EM A\u00c7\u00c3O<\/strong><\/p>\n<p><em>Com Estad\u00e3o\/Foto:Ag\u00eancia Brasil<\/em><\/p>\n<p><strong>Leia mais not\u00edcias em\u00a0<\/strong><a href=\"http:\/\/www.caririemacao.com\/\"><strong>caririemacao.com<\/strong><\/a><strong>, siga nossa p\u00e1gina no\u00a0<\/strong><a href=\"https:\/\/www.facebook.com\/CaririEmAcao\/?ref=aymt_homepage_panel\"><strong>Facebook<\/strong><\/a>,<strong>\u00a0<\/strong><a href=\"https:\/\/www.instagram.com\/cariri_em_acao\/?hl=pt-br\"><strong>Instagram<\/strong><\/a><strong>\u00a0e <\/strong><a href=\"https:\/\/www.youtube.com\/channel\/UCAptA0jQuYQy8vMhLt2m4qg\"><strong>Youtube<\/strong><\/a><strong>\u00a0e veja nossas mat\u00e9rias, v\u00eddeos e fotos. Voc\u00ea tamb\u00e9m pode enviar informa\u00e7\u00f5es \u00e0 Reda\u00e7\u00e3o do Portal Cariri em A\u00e7\u00e3o pelo WhatsApp (83) 9 9634.5791, (83) 9 9601-1162.<\/strong><\/p>\n","protected":false},"excerpt":{"rendered":"<p>Novo ministro da Defesa, o general da reserva do Ex\u00e9rcito Joaquim Silva e Luna j\u00e1 foi condenado pelo\u00a0Tribunal de Contas da Uni\u00e3o (TCU), em 2013,&hellip; <\/p>\n","protected":false},"author":2,"featured_media":42340,"comment_status":"closed","ping_status":"closed","sticky":false,"template":"","format":"standard","meta":{"sfsi_plus_gutenberg_text_before_share":"","sfsi_plus_gutenberg_show_text_before_share":"","sfsi_plus_gutenberg_icon_type":"","sfsi_plus_gutenberg_icon_alignemt":"","sfsi_plus_gutenburg_max_per_row":"","footnotes":""},"categories":[2],"tags":[],"class_list":["post-42335","post","type-post","status-publish","format-standard","has-post-thumbnail","hentry","category-geral"],"_links":{"self":[{"href":"https:\/\/www.caririemacao.com\/1\/wp-json\/wp\/v2\/posts\/42335","targetHints":{"allow":["GET"]}}],"collection":[{"href":"https:\/\/www.caririemacao.com\/1\/wp-json\/wp\/v2\/posts"}],"about":[{"href":"https:\/\/www.caririemacao.com\/1\/wp-json\/wp\/v2\/types\/post"}],"author":[{"embeddable":true,"href":"https:\/\/www.caririemacao.com\/1\/wp-json\/wp\/v2\/users\/2"}],"replies":[{"embeddable":true,"href":"https:\/\/www.caririemacao.com\/1\/wp-json\/wp\/v2\/comments?post=42335"}],"version-history":[{"count":0,"href":"https:\/\/www.caririemacao.com\/1\/wp-json\/wp\/v2\/posts\/42335\/revisions"}],"wp:featuredmedia":[{"embeddable":true,"href":"https:\/\/www.caririemacao.com\/1\/wp-json\/wp\/v2\/media\/42340"}],"wp:attachment":[{"href":"https:\/\/www.caririemacao.com\/1\/wp-json\/wp\/v2\/media?parent=42335"}],"wp:term":[{"taxonomy":"category","embeddable":true,"href":"https:\/\/www.caririemacao.com\/1\/wp-json\/wp\/v2\/categories?post=42335"},{"taxonomy":"post_tag","embeddable":true,"href":"https:\/\/www.caririemacao.com\/1\/wp-json\/wp\/v2\/tags?post=42335"}],"curies":[{"name":"wp","href":"https:\/\/api.w.org\/{rel}","templated":true}]}}