{"id":42346,"date":"2018-02-27T11:31:08","date_gmt":"2018-02-27T14:31:08","guid":{"rendered":"http:\/\/caririemacao.com\/1\/?p=42346"},"modified":"2018-02-27T12:36:51","modified_gmt":"2018-02-27T15:36:51","slug":"prefeito-eden-duarte-participa-de-reuniao-com-representantes-de-gremios-estudantis","status":"publish","type":"post","link":"https:\/\/www.caririemacao.com\/1\/2018\/02\/27\/prefeito-eden-duarte-participa-de-reuniao-com-representantes-de-gremios-estudantis\/","title":{"rendered":"Prefeito \u00c9den Duarte participa de reuni\u00e3o com representantes de gr\u00eamios estudantis"},"content":{"rendered":"<p>O prefeito \u00c9den Duarte esteve participando no \u00faltimo s\u00e1bado (24\/02) de uma reuni\u00e3o organizada pela Uni\u00e3o da Juventude Socialista, que teve como participantes representantes de gr\u00eamios estudantis do Munic\u00edpio de Sum\u00e9.<\/p>\n<p><a href=\"http:\/\/caririemacao.com\/1\/wp-content\/uploads\/2018\/02\/thumbnail_DSC_0198.jpg\"><img fetchpriority=\"high\" decoding=\"async\" class=\"aligncenter size-full wp-image-42347\" src=\"http:\/\/caririemacao.com\/1\/wp-content\/uploads\/2018\/02\/thumbnail_DSC_0198.jpg\" alt=\"\" width=\"1024\" height=\"681\" srcset=\"https:\/\/www.caririemacao.com\/1\/wp-content\/uploads\/2018\/02\/thumbnail_DSC_0198.jpg 1024w, https:\/\/www.caririemacao.com\/1\/wp-content\/uploads\/2018\/02\/thumbnail_DSC_0198-300x200.jpg 300w, https:\/\/www.caririemacao.com\/1\/wp-content\/uploads\/2018\/02\/thumbnail_DSC_0198-768x511.jpg 768w\" sizes=\"(max-width: 1024px) 100vw, 1024px\" \/><\/a><\/p>\n<p>A reuni\u00e3o aconteceu no audit\u00f3rio da Escola Cidad\u00e3 Integral Jos\u00e9 Gon\u00e7alves de Queiroz e contou tamb\u00e9m com a participa\u00e7\u00e3o de representantes da Uni\u00e3o Brasileira dos Estudantes Secundaristas do Munic\u00edpio de Monteiro.<\/p>\n<p><a href=\"http:\/\/caririemacao.com\/1\/wp-content\/uploads\/2018\/02\/thumbnail_DSC_0240.jpg\"><img decoding=\"async\" class=\"aligncenter size-full wp-image-42348 lazyload\" data-src=\"http:\/\/caririemacao.com\/1\/wp-content\/uploads\/2018\/02\/thumbnail_DSC_0240.jpg\" alt=\"\" width=\"1024\" height=\"681\" data-srcset=\"https:\/\/www.caririemacao.com\/1\/wp-content\/uploads\/2018\/02\/thumbnail_DSC_0240.jpg 1024w, https:\/\/www.caririemacao.com\/1\/wp-content\/uploads\/2018\/02\/thumbnail_DSC_0240-300x200.jpg 300w, https:\/\/www.caririemacao.com\/1\/wp-content\/uploads\/2018\/02\/thumbnail_DSC_0240-768x511.jpg 768w\" data-sizes=\"(max-width: 1024px) 100vw, 1024px\" src=\"data:image\/svg+xml;base64,PHN2ZyB3aWR0aD0iMSIgaGVpZ2h0PSIxIiB4bWxucz0iaHR0cDovL3d3dy53My5vcmcvMjAwMC9zdmciPjwvc3ZnPg==\" style=\"--smush-placeholder-width: 1024px; --smush-placeholder-aspect-ratio: 1024\/681;\" \/><\/a><\/p>\n<p>Na reuni\u00e3o, o prefeito \u00c9den falou sobre algumas a\u00e7\u00f5es voltadas para a Educa\u00e7\u00e3o do munic\u00edpio de Sum\u00e9, explicou sobre a nuclea\u00e7\u00e3o de escolas na zona rural, falou dos investimentos na Educa\u00e7\u00e3o e respondeu a alguns questionamentos dos alunos da rede municipal de ensino.<\/p>\n<p>Tamb\u00e9m foram convidados pelos estudantes a participarem do debate, o secret\u00e1rio da Educa\u00e7\u00e3o Odilon Ara\u00fajo, os vereadores Daniel L\u00eala e Juan Pereira e demais representantes de associa\u00e7\u00f5es e movimentos estudantis.<\/p>\n<p><strong>CARIRI EM A\u00c7\u00c3O<\/strong><em>\u00a0<\/em><\/p>\n<p>Ascom\/PMS<\/p>\n<p><strong>Leia mais not\u00edcias em\u00a0<\/strong><a href=\"http:\/\/www.caririemacao.com\/\"><strong>caririemacao.com<\/strong><\/a><strong>, siga nossa p\u00e1gina no\u00a0<\/strong><a href=\"https:\/\/www.facebook.com\/CaririEmAcao\/?ref=aymt_homepage_panel\"><strong>Facebook<\/strong><\/a>,<strong>\u00a0<\/strong><a href=\"https:\/\/www.instagram.com\/cariri_em_acao\/?hl=pt-br\"><strong>Instagram<\/strong><\/a><strong>\u00a0e\u00a0<\/strong><a href=\"https:\/\/www.youtube.com\/channel\/UCAptA0jQuYQy8vMhLt2m4qg\"><strong>Youtube<\/strong><\/a><strong>\u00a0e veja nossas mat\u00e9rias, v\u00eddeos e fotos. Voc\u00ea tamb\u00e9m pode enviar informa\u00e7\u00f5es \u00e0 Reda\u00e7\u00e3o do Portal Cariri em A\u00e7\u00e3o pelo WhatsApp (83) 9 9634.5791, (83) 9 9601-1162.<\/strong><\/p>\n","protected":false},"excerpt":{"rendered":"<p>O prefeito \u00c9den Duarte esteve participando no \u00faltimo s\u00e1bado (24\/02) de uma reuni\u00e3o organizada pela Uni\u00e3o da Juventude Socialista, que teve como participantes representantes de&hellip; <\/p>\n","protected":false},"author":2,"featured_media":42349,"comment_status":"closed","ping_status":"closed","sticky":false,"template":"","format":"standard","meta":{"sfsi_plus_gutenberg_text_before_share":"","sfsi_plus_gutenberg_show_text_before_share":"","sfsi_plus_gutenberg_icon_type":"","sfsi_plus_gutenberg_icon_alignemt":"","sfsi_plus_gutenburg_max_per_row":"","footnotes":""},"categories":[14],"tags":[],"class_list":["post-42346","post","type-post","status-publish","format-standard","has-post-thumbnail","hentry","category-educacao"],"_links":{"self":[{"href":"https:\/\/www.caririemacao.com\/1\/wp-json\/wp\/v2\/posts\/42346","targetHints":{"allow":["GET"]}}],"collection":[{"href":"https:\/\/www.caririemacao.com\/1\/wp-json\/wp\/v2\/posts"}],"about":[{"href":"https:\/\/www.caririemacao.com\/1\/wp-json\/wp\/v2\/types\/post"}],"author":[{"embeddable":true,"href":"https:\/\/www.caririemacao.com\/1\/wp-json\/wp\/v2\/users\/2"}],"replies":[{"embeddable":true,"href":"https:\/\/www.caririemacao.com\/1\/wp-json\/wp\/v2\/comments?post=42346"}],"version-history":[{"count":0,"href":"https:\/\/www.caririemacao.com\/1\/wp-json\/wp\/v2\/posts\/42346\/revisions"}],"wp:featuredmedia":[{"embeddable":true,"href":"https:\/\/www.caririemacao.com\/1\/wp-json\/wp\/v2\/media\/42349"}],"wp:attachment":[{"href":"https:\/\/www.caririemacao.com\/1\/wp-json\/wp\/v2\/media?parent=42346"}],"wp:term":[{"taxonomy":"category","embeddable":true,"href":"https:\/\/www.caririemacao.com\/1\/wp-json\/wp\/v2\/categories?post=42346"},{"taxonomy":"post_tag","embeddable":true,"href":"https:\/\/www.caririemacao.com\/1\/wp-json\/wp\/v2\/tags?post=42346"}],"curies":[{"name":"wp","href":"https:\/\/api.w.org\/{rel}","templated":true}]}}