{"id":42354,"date":"2018-02-27T11:45:59","date_gmt":"2018-02-27T14:45:59","guid":{"rendered":"http:\/\/caririemacao.com\/1\/?p=42354"},"modified":"2018-02-27T11:51:46","modified_gmt":"2018-02-27T14:51:46","slug":"apos-o-registro-das-primeiras-chuvas-prefeitura-de-caraubas-inicia-o-corte-de-terras","status":"publish","type":"post","link":"https:\/\/www.caririemacao.com\/1\/2018\/02\/27\/apos-o-registro-das-primeiras-chuvas-prefeitura-de-caraubas-inicia-o-corte-de-terras\/","title":{"rendered":"Ap\u00f3s o registro das primeiras chuvas Prefeitura de Cara\u00fabas inicia o corte de terras"},"content":{"rendered":"<p>A Prefeitura Municipal de Cara\u00fabas atrav\u00e9s da Secretaria da Agricultura iniciou esta semana o corte e preparo de terras dos agricultores para o plantio de sementes distribu\u00eddas em parceria com o Governo do Estado da Para\u00edba e o munic\u00edpio. Ser\u00e3o beneficiados centenas de agricultores que ap\u00f3s anos de severas secas ter\u00e3o a comodidade do Poder P\u00fablico para iniciar suas planta\u00e7\u00f5es.<\/p>\n<p>De acordo com o Secret\u00e1rio da Agricultura, Rone Feitoza, cada agricultor ter\u00e1 direito a 2h., de m\u00e1quina para o preparo do solo, sendo todas as despesas custeadas pela Prefeitura Municipal de Cara\u00fabas, ou seja, trator, grade aradora, combust\u00edvel e o operador.<\/p>\n<p>Nossa inten\u00e7\u00e3o \u00e9 fazer com que a produ\u00e7\u00e3o agr\u00edcola este ano supere todas as expectativas, haja, vista, que depois de muitos anos sem uma esta\u00e7\u00e3o invernosa definida os agricultores em sua totalidade perderam suas planta\u00e7\u00f5es ou se quer chegaram a plantar, disse Rone.<\/p>\n<p>O prefeito Silvano Dudu, nos determinou que n\u00e3o deixasse nenhum agricultor sem ser atendido, pois, a maior alegria do homem do campo \u00e9 quando recebe apoio e incentivo do Poder P\u00fablico no momento em que \u00e9 chegado o per\u00edodo da esta\u00e7\u00e3o invernosa, acrescentou o secret\u00e1rio da agricultura.<\/p>\n<p>Ainda de acordo com o secret\u00e1rio houve um cadastro antecipado dos agricultores interessados nas horas de trator o que facilitou o trabalho de elabora\u00e7\u00e3o de um cronograma que pudesse atender a maior quantidade poss\u00edvel de agricultores no pequeno espa\u00e7o de tempo. Ficamos felizes porque com o planejamento elaborado pela Secretaria da Agricultura ser\u00e1 poss\u00edvel atender toda demanda. Nossa perspectiva \u00e9 a de atender mais de 100 (cem) agricultores, finalizou ele.<\/p>\n<p>O prefeito Silvano Dudu, que esta semana esteve em Bras\u00edlia se mostrou otimista com as chuvas registradas e a alegria dos agricultores em plantar suas sementes. Com as primeiras chuvas registradas renovamos a esperan\u00e7a de um ano promissor e sentimos a alegria do homem do campo que agora ter\u00e1 a oportunidade de plantar e se continuar chovendo como as previs\u00f5es anunciam, de colher bons frutos, disse o prefeito.<\/p>\n<p><strong>CARIRI EM A\u00c7\u00c3O<\/strong><\/p>\n<p><em>Com SEPLACOM \/Foto: Rom\u00e1rio<\/em><\/p>\n<p><strong>Leia mais not\u00edcias em\u00a0<\/strong><a href=\"http:\/\/www.caririemacao.com\/\"><strong>caririemacao.com<\/strong><\/a><strong>, siga nossa p\u00e1gina no\u00a0<\/strong><a href=\"https:\/\/www.facebook.com\/CaririEmAcao\/?ref=aymt_homepage_panel\"><strong>Facebook<\/strong><\/a>,<strong>\u00a0<\/strong><a href=\"https:\/\/www.instagram.com\/cariri_em_acao\/?hl=pt-br\"><strong>Instagram<\/strong><\/a><strong>\u00a0e <\/strong><a href=\"https:\/\/www.youtube.com\/channel\/UCAptA0jQuYQy8vMhLt2m4qg\"><strong>Youtube<\/strong><\/a><strong>\u00a0e veja nossas mat\u00e9rias, v\u00eddeos e fotos. Voc\u00ea tamb\u00e9m pode enviar informa\u00e7\u00f5es \u00e0 Reda\u00e7\u00e3o do Portal Cariri em A\u00e7\u00e3o pelo WhatsApp (83) 9 9634.5791, (83) 9 9601-1162.<\/strong><\/p>\n","protected":false},"excerpt":{"rendered":"<p>A Prefeitura Municipal de Cara\u00fabas atrav\u00e9s da Secretaria da Agricultura iniciou esta semana o corte e preparo de terras dos agricultores para o plantio de&hellip; <\/p>\n","protected":false},"author":2,"featured_media":42355,"comment_status":"closed","ping_status":"closed","sticky":false,"template":"","format":"standard","meta":{"sfsi_plus_gutenberg_text_before_share":"","sfsi_plus_gutenberg_show_text_before_share":"","sfsi_plus_gutenberg_icon_type":"","sfsi_plus_gutenberg_icon_alignemt":"","sfsi_plus_gutenburg_max_per_row":"","footnotes":""},"categories":[2],"tags":[],"class_list":["post-42354","post","type-post","status-publish","format-standard","has-post-thumbnail","hentry","category-geral"],"_links":{"self":[{"href":"https:\/\/www.caririemacao.com\/1\/wp-json\/wp\/v2\/posts\/42354","targetHints":{"allow":["GET"]}}],"collection":[{"href":"https:\/\/www.caririemacao.com\/1\/wp-json\/wp\/v2\/posts"}],"about":[{"href":"https:\/\/www.caririemacao.com\/1\/wp-json\/wp\/v2\/types\/post"}],"author":[{"embeddable":true,"href":"https:\/\/www.caririemacao.com\/1\/wp-json\/wp\/v2\/users\/2"}],"replies":[{"embeddable":true,"href":"https:\/\/www.caririemacao.com\/1\/wp-json\/wp\/v2\/comments?post=42354"}],"version-history":[{"count":0,"href":"https:\/\/www.caririemacao.com\/1\/wp-json\/wp\/v2\/posts\/42354\/revisions"}],"wp:featuredmedia":[{"embeddable":true,"href":"https:\/\/www.caririemacao.com\/1\/wp-json\/wp\/v2\/media\/42355"}],"wp:attachment":[{"href":"https:\/\/www.caririemacao.com\/1\/wp-json\/wp\/v2\/media?parent=42354"}],"wp:term":[{"taxonomy":"category","embeddable":true,"href":"https:\/\/www.caririemacao.com\/1\/wp-json\/wp\/v2\/categories?post=42354"},{"taxonomy":"post_tag","embeddable":true,"href":"https:\/\/www.caririemacao.com\/1\/wp-json\/wp\/v2\/tags?post=42354"}],"curies":[{"name":"wp","href":"https:\/\/api.w.org\/{rel}","templated":true}]}}