{"id":42360,"date":"2018-02-27T11:58:10","date_gmt":"2018-02-27T14:58:10","guid":{"rendered":"http:\/\/caririemacao.com\/1\/?p=42360"},"modified":"2018-02-27T12:31:08","modified_gmt":"2018-02-27T15:31:08","slug":"11-partidos-preparam-lancamento-da-pre-candidatura-de-cartaxo","status":"publish","type":"post","link":"https:\/\/www.caririemacao.com\/1\/2018\/02\/27\/11-partidos-preparam-lancamento-da-pre-candidatura-de-cartaxo\/","title":{"rendered":"11 partidos preparam lan\u00e7amento da pr\u00e9-candidatura de Cartaxo"},"content":{"rendered":"<section class=\"l-noticia\">Ainda n\u00e3o tem data oficial, mas os partidos ligados ao campo das oposi\u00e7\u00f5es est\u00e3o articulando uma data \u00fanica para o lan\u00e7amento da pr\u00e9-candidatura do prefeito de Jo\u00e3o Pessoa, Luciano Cartaxo (PSD) ao Governo do Estado. N\u00e3o ser\u00e1 apenas o PSDB, de forma isolada, que far\u00e1 o an\u00fancio de apoio ao nome de Luciano, mas os 11 partidos, que hoje, integram o projeto pol\u00edtico de Cartaxo.O an\u00fancio se transformar\u00e1 em um grande evento pol\u00edtico e ser\u00e1 o lan\u00e7amento oficial da pr\u00e9-candidatura de Luciano Cartaxo ao Governo do Estado. O presidente estadual PSD, R\u00f4mulo Gouveia, se reuniu com o prefeito na \u00faltima sexta-feira (22), para discutir os detalhes do an\u00fancio, atrav\u00e9s de uma coletiva com v\u00e1rios partidos. Informa\u00e7\u00f5es d\u00e3o conta que o lan\u00e7amento deve ocorrer no dia 1 de mar\u00e7o, data em que o presidente nacional do PSD, Gilberto Kassab, estar\u00e1 em JP.<\/p>\n<p>Segundo fontes, a chapa da oposi\u00e7\u00e3o j\u00e1 est\u00e1 praticamente fechada, com Cartaxo na cabe\u00e7a de chapa; Micheline Rodrigues, esposa de Romero, na vice; C\u00e1ssio e Raimundo Lira concorrendo ao Senado. Lira deve deixar o MDB. A partir do lan\u00e7amento da pr\u00e9-candidatura, o PSD colocar\u00e1 o bloco em campo e vai realizar encontros regionais no Brejo, no Cariri, no Curimata\u00fa, no Sert\u00e3o e na Grande Campina. O objetivo \u00e9 fomentar ideias para elabora\u00e7\u00e3o do programa de governo, al\u00e9m de apresentar o pr\u00e9-candidato aos paraibano.<\/p>\n<p><strong>CARIRI EM A\u00c7\u00c3O<\/strong><\/p>\n<p><em>Com\u00a0<\/em>Pol\u00eamica Para\u00edba<em>\/Foto: Reprodu\u00e7\u00e3o Internet<\/em><\/p>\n<p><strong>Leia mais not\u00edcias em\u00a0<\/strong><a href=\"http:\/\/www.caririemacao.com\/\"><strong>caririemacao.com<\/strong><\/a><strong>, siga nossa p\u00e1gina no\u00a0<\/strong><a href=\"https:\/\/www.facebook.com\/CaririEmAcao\/?ref=aymt_homepage_panel\"><strong>Facebook<\/strong><\/a>,<strong>\u00a0<\/strong><a href=\"https:\/\/www.instagram.com\/cariri_em_acao\/?hl=pt-br\"><strong>Instagram<\/strong><\/a><strong>\u00a0e <\/strong><a href=\"https:\/\/www.youtube.com\/channel\/UCAptA0jQuYQy8vMhLt2m4qg\"><strong>Youtube<\/strong><\/a><strong>\u00a0e veja nossas mat\u00e9rias, v\u00eddeos e fotos. Voc\u00ea tamb\u00e9m pode enviar informa\u00e7\u00f5es \u00e0 Reda\u00e7\u00e3o do Portal Cariri em A\u00e7\u00e3o pelo WhatsApp (83) 9 9634.5791, (83) 9 9601-1162.<\/strong><\/p>\n<\/section>\n","protected":false},"excerpt":{"rendered":"<p>Ainda n\u00e3o tem data oficial, mas os partidos ligados ao campo das oposi\u00e7\u00f5es est\u00e3o articulando uma data \u00fanica para o lan\u00e7amento da pr\u00e9-candidatura do prefeito&hellip; <\/p>\n","protected":false},"author":2,"featured_media":33998,"comment_status":"closed","ping_status":"closed","sticky":false,"template":"","format":"standard","meta":{"sfsi_plus_gutenberg_text_before_share":"","sfsi_plus_gutenberg_show_text_before_share":"","sfsi_plus_gutenberg_icon_type":"","sfsi_plus_gutenberg_icon_alignemt":"","sfsi_plus_gutenburg_max_per_row":"","footnotes":""},"categories":[11],"tags":[],"class_list":["post-42360","post","type-post","status-publish","format-standard","has-post-thumbnail","hentry","category-politica"],"_links":{"self":[{"href":"https:\/\/www.caririemacao.com\/1\/wp-json\/wp\/v2\/posts\/42360","targetHints":{"allow":["GET"]}}],"collection":[{"href":"https:\/\/www.caririemacao.com\/1\/wp-json\/wp\/v2\/posts"}],"about":[{"href":"https:\/\/www.caririemacao.com\/1\/wp-json\/wp\/v2\/types\/post"}],"author":[{"embeddable":true,"href":"https:\/\/www.caririemacao.com\/1\/wp-json\/wp\/v2\/users\/2"}],"replies":[{"embeddable":true,"href":"https:\/\/www.caririemacao.com\/1\/wp-json\/wp\/v2\/comments?post=42360"}],"version-history":[{"count":0,"href":"https:\/\/www.caririemacao.com\/1\/wp-json\/wp\/v2\/posts\/42360\/revisions"}],"wp:featuredmedia":[{"embeddable":true,"href":"https:\/\/www.caririemacao.com\/1\/wp-json\/wp\/v2\/media\/33998"}],"wp:attachment":[{"href":"https:\/\/www.caririemacao.com\/1\/wp-json\/wp\/v2\/media?parent=42360"}],"wp:term":[{"taxonomy":"category","embeddable":true,"href":"https:\/\/www.caririemacao.com\/1\/wp-json\/wp\/v2\/categories?post=42360"},{"taxonomy":"post_tag","embeddable":true,"href":"https:\/\/www.caririemacao.com\/1\/wp-json\/wp\/v2\/tags?post=42360"}],"curies":[{"name":"wp","href":"https:\/\/api.w.org\/{rel}","templated":true}]}}