{"id":42365,"date":"2018-02-27T12:08:57","date_gmt":"2018-02-27T15:08:57","guid":{"rendered":"http:\/\/caririemacao.com\/1\/?p=42365"},"modified":"2018-02-27T12:31:48","modified_gmt":"2018-02-27T15:31:48","slug":"camara-federal-decide-criar-grupo-de-trabalho-para-cortar-gastos-orcamento-anual-chega-a-r-6-bilhoes","status":"publish","type":"post","link":"https:\/\/www.caririemacao.com\/1\/2018\/02\/27\/camara-federal-decide-criar-grupo-de-trabalho-para-cortar-gastos-orcamento-anual-chega-a-r-6-bilhoes\/","title":{"rendered":"C\u00e2mara Federal decide criar grupo de trabalho para cortar gastos; or\u00e7amento anual chega a R$ 6 bilh\u00f5es"},"content":{"rendered":"<p>O deputado federal Pedro Cunha Lima (PSDB) esteve reunido na noite da \u00faltima segunda-feira (26) com o presidente da C\u00e2mara Federal, o deputado Rodrigo Maia (DEM), em Bras\u00edlia. Eles conversaram sobre as ideias defendidas por Pedro para a redu\u00e7\u00e3o dos custos com a m\u00e1quina p\u00fablica. O presidente concordou com a necessidade de cortar gastos e disse que pretende formar um grupo de trabalho para que essas medidas sejam adotadas na Casa. A C\u00e2mara tem um or\u00e7amento anual de R$ 6 bilh\u00f5es.<\/p>\n<p>\u201c\u00c9 vibrante ver, em t\u00e3o pouco tempo, esse tema crescer tanto. Essa obriga\u00e7\u00e3o vai acontecer. A exig\u00eancia n\u00e3o vai mais parar\u201d, comentou o deputado, dizendo que na conversa, eles falaram sobre a\u00e7\u00f5es que j\u00e1 podem ser feitas para reduzir gastos, como por exemplo, a extin\u00e7\u00e3o do jornal impresso da Casa e do n\u00famero de cargos comissionados.<\/p>\n<p>Ele citou ainda o projeto de sua autoria (PRC 267\/17) que prop\u00f5e a extin\u00e7\u00e3o de estrutura administrativa e de pessoal prevista aos suplentes de secret\u00e1rios da Mesa Diretora da C\u00e2mara dos Deputados. A proposta garante uma economia aos cofres p\u00fablicos de R$ 17.163.097,12 por legislatura.<\/p>\n<p>\u201cA forma como gastamos o dinheiro p\u00fablico no Brasil \u00e9 uma agress\u00e3o, uma extors\u00e3o ao povo brasileiro. Um Pa\u00eds com as necessidades que o nosso tem, de pessoas que n\u00e3o t\u00eam atendimento em hospitais, crian\u00e7as que n\u00e3o t\u00eam vaga em creche, ou seja, um verdadeiro drama social existente, e na m\u00e1quina publica oficial existe essa fartura. Um excesso do custo descomunal\u201d, lamentou.<\/p>\n<p>O presidente marcou uma nova reuni\u00e3o nesta semana para dar sequ\u00eancia ao tema.<\/p>\n<p><strong>CARIRI EM A\u00c7\u00c3O<\/strong><\/p>\n<p><em>Com Wscom \/Foto: Reprodu\u00e7\u00e3o Internet<\/em><\/p>\n<p><strong>Leia mais not\u00edcias em\u00a0<\/strong><a href=\"http:\/\/www.caririemacao.com\/\"><strong>caririemacao.com<\/strong><\/a><strong>, siga nossa p\u00e1gina no\u00a0<\/strong><a href=\"https:\/\/www.facebook.com\/CaririEmAcao\/?ref=aymt_homepage_panel\"><strong>Facebook<\/strong><\/a>,<strong>\u00a0<\/strong><a href=\"https:\/\/www.instagram.com\/cariri_em_acao\/?hl=pt-br\"><strong>Instagram<\/strong><\/a><strong>\u00a0e <\/strong><a href=\"https:\/\/www.youtube.com\/channel\/UCAptA0jQuYQy8vMhLt2m4qg\"><strong>Youtube<\/strong><\/a><strong>\u00a0e veja nossas mat\u00e9rias, v\u00eddeos e fotos. Voc\u00ea tamb\u00e9m pode enviar informa\u00e7\u00f5es \u00e0 Reda\u00e7\u00e3o do Portal Cariri em A\u00e7\u00e3o pelo WhatsApp (83) 9 9634.5791, (83) 9 9601-1162.<\/strong><\/p>\n","protected":false},"excerpt":{"rendered":"<p>O deputado federal Pedro Cunha Lima (PSDB) esteve reunido na noite da \u00faltima segunda-feira (26) com o presidente da C\u00e2mara Federal, o deputado Rodrigo Maia&hellip; <\/p>\n","protected":false},"author":2,"featured_media":42366,"comment_status":"closed","ping_status":"closed","sticky":false,"template":"","format":"standard","meta":{"sfsi_plus_gutenberg_text_before_share":"","sfsi_plus_gutenberg_show_text_before_share":"","sfsi_plus_gutenberg_icon_type":"","sfsi_plus_gutenberg_icon_alignemt":"","sfsi_plus_gutenburg_max_per_row":"","footnotes":""},"categories":[11],"tags":[],"class_list":["post-42365","post","type-post","status-publish","format-standard","has-post-thumbnail","hentry","category-politica"],"_links":{"self":[{"href":"https:\/\/www.caririemacao.com\/1\/wp-json\/wp\/v2\/posts\/42365","targetHints":{"allow":["GET"]}}],"collection":[{"href":"https:\/\/www.caririemacao.com\/1\/wp-json\/wp\/v2\/posts"}],"about":[{"href":"https:\/\/www.caririemacao.com\/1\/wp-json\/wp\/v2\/types\/post"}],"author":[{"embeddable":true,"href":"https:\/\/www.caririemacao.com\/1\/wp-json\/wp\/v2\/users\/2"}],"replies":[{"embeddable":true,"href":"https:\/\/www.caririemacao.com\/1\/wp-json\/wp\/v2\/comments?post=42365"}],"version-history":[{"count":0,"href":"https:\/\/www.caririemacao.com\/1\/wp-json\/wp\/v2\/posts\/42365\/revisions"}],"wp:featuredmedia":[{"embeddable":true,"href":"https:\/\/www.caririemacao.com\/1\/wp-json\/wp\/v2\/media\/42366"}],"wp:attachment":[{"href":"https:\/\/www.caririemacao.com\/1\/wp-json\/wp\/v2\/media?parent=42365"}],"wp:term":[{"taxonomy":"category","embeddable":true,"href":"https:\/\/www.caririemacao.com\/1\/wp-json\/wp\/v2\/categories?post=42365"},{"taxonomy":"post_tag","embeddable":true,"href":"https:\/\/www.caririemacao.com\/1\/wp-json\/wp\/v2\/tags?post=42365"}],"curies":[{"name":"wp","href":"https:\/\/api.w.org\/{rel}","templated":true}]}}