{"id":42368,"date":"2018-02-27T12:19:27","date_gmt":"2018-02-27T15:19:27","guid":{"rendered":"http:\/\/caririemacao.com\/1\/?p=42368"},"modified":"2018-02-27T12:19:27","modified_gmt":"2018-02-27T15:19:27","slug":"governo-publica-editais-com-salario-de-r-1-950","status":"publish","type":"post","link":"https:\/\/www.caririemacao.com\/1\/2018\/02\/27\/governo-publica-editais-com-salario-de-r-1-950\/","title":{"rendered":"Governo publica editais com sal\u00e1rio de R$ 1.950"},"content":{"rendered":"<p>O Governo do Estado publicou, na edi\u00e7\u00e3o desta ter\u00e7a-feira (27) do Di\u00e1rio Oficial, dois editais de processo seletivo para contrata\u00e7\u00e3o por tempo determinadona na \u00e1rea da educa\u00e7\u00e3o. Somando os dois editais, o n\u00famero de vagas oferecidas chega a 242 e os sal\u00e1rios alcan\u00e7am R$ 1.950.<\/p>\n<p>O primeiro edital visa contrata\u00e7\u00e3o de de educadores para o Programa ProJovem Campo \u2013 Saberes da Terra. S\u00e3o 75 vagas e os sal\u00e1rios podem chegar a R$ 1.700.\u00a0As inscri\u00e7\u00f5es come\u00e7am nesta quarta-feira (27) e se estendem at\u00e9 a sexta-feira (2) no site da Secretaria de Estado da Educa\u00e7\u00e3o, no endere\u00e7o eletr\u00f4nico\u00a0http:\/\/paraiba.pb.gov.br\/educacao\/.\u00a0O Processo Seletivo Simplificado constar\u00e1 de duas etapas: Inscri\u00e7\u00e3o online e An\u00e1lise Curricular\u00a0e Entrevista Oral. O prazo do contrato \u00e9 de at\u00e9 24 meses.<\/p>\n<p>As vagas s\u00e3o para \u00e1reas de Linguagens, C\u00f3digos e suas Tecnologias\u00a0(Licenciatura em Letras); Ci\u00eancias Humanas (Licenciatura Plena em Hist\u00f3ria, Geografia,\u00a0Filosofia ou Sociologia); Ci\u00eancias da Natureza e Matem\u00e1tica (Licenciatura Plena em Biologia,\u00a0Ci\u00eancias, Matem\u00e1tica, F\u00edsica ou Qu\u00edmica); educadores de Forma\u00e7\u00e3o Profissional\u00a0(Forma\u00e7\u00e3o Superior em cursos de gradua\u00e7\u00e3o das Ci\u00eancias Agr\u00e1rias, T\u00e9cnico da \u00e1rea das Ci\u00eancias Agr\u00e1rias\u00a0ou Educador de n\u00edvel m\u00e9dio com reconhecido saber em Agricultura Familiar); professores\u00a0acolhedores (educadores) de acompanhamento do acolhimento de crian\u00e7as (Forma\u00e7\u00e3o n\u00edvel m\u00e9dio em\u00a0Magist\u00e9rio ou Licenciatura em Pedagogia ou Psicopedagogia). Ser\u00e3o selecionados tradutor e int\u00e9rprete\u00a0de Libras (Certifica\u00e7\u00e3o no Prolibras ou Licenciatura em Letras\/Libras) e educador\/professor para atendimento\u00a0educacional especializado para a constru\u00e7\u00e3o de um cadastro de reserva. Os selecionados ser\u00e3o\u00a0convocados de acordo com a necessidade de cada um dos polos.<\/p>\n<p><strong>Projovem Urbano<\/strong><\/p>\n<p>O segundo edital oferece 167 vagas, tamb\u00e9m para contrata\u00e7\u00e3o por tempo determinado, para profissionais atuarem no Programa Nacional de Inclus\u00e3o de Jovens \u2013 Projovem Urbano em 17 munic\u00edpios. Neste caso os sal\u00e1rios variam de R$ 1.700 a R$ 1.950.<\/p>\n<p>S\u00e3o 119 vagas para profissionais de Educa\u00e7\u00e3o do\u00a0Ensino Fundamental, nas \u00e1reas de L\u00edngua Portuguesa, Ci\u00eancias\u00a0da Natureza, Ci\u00eancias Humanas, Matem\u00e1tica, L\u00edngua Estrangeira (Ingl\u00eas), Participa\u00e7\u00e3o Cidad\u00e3 e\u00a0Qualifica\u00e7\u00e3o Profissional, outras 14 vagas nas \u00e1reas de L\u00edngua Portuguesa, Ci\u00eancias da\u00a0Natureza, Ci\u00eancias Humanas, Matem\u00e1tica, L\u00edngua Estrangeira (Ingl\u00eas), Participa\u00e7\u00e3o Cidad\u00e3 e\u00a0Qualifica\u00e7\u00e3o Profissional estes com atua\u00e7\u00e3o em unidades prisionais em Campina Grande, Jo\u00e3o Pessoa,\u00a0e Santa Rita, al\u00e9m de 34 vagas para professor (educador) de acompanhamento do acolhimento de crian\u00e7as que atuar\u00e3o no Programa Nacional\u00a0de Inclus\u00e3o de Jovens \u2013 Projovem Urbano.<\/p>\n<p>As inscri\u00e7\u00f5es on-line e apresenta\u00e7\u00e3o de t\u00edtulo come\u00e7am nesta quarta-feira e seguem at\u00e9 a sexta.<\/p>\n<p><strong>Confira:\u00a0<a href=\"http:\/\/www.maispb.com.br\/wp-content\/uploads\/2018\/02\/Edital-para-contrata%C3%A7%C3%A3o-de-Educadores.pdf\">Edital para contrata\u00e7\u00e3o de Educadores<\/a><\/strong><\/p>\n<p><strong>CARIRI EM A\u00c7\u00c3O<\/strong><\/p>\n<p><em>Com MaisPB \/Foto: Reprodu\u00e7\u00e3o Internet<\/em><\/p>\n<p><strong>Leia mais not\u00edcias em\u00a0<\/strong><a href=\"http:\/\/www.caririemacao.com\/\"><strong>caririemacao.com<\/strong><\/a><strong>, siga nossa p\u00e1gina no\u00a0<\/strong><a href=\"https:\/\/www.facebook.com\/CaririEmAcao\/?ref=aymt_homepage_panel\"><strong>Facebook<\/strong><\/a>,<strong>\u00a0<\/strong><a href=\"https:\/\/www.instagram.com\/cariri_em_acao\/?hl=pt-br\"><strong>Instagram<\/strong><\/a><strong>\u00a0e <\/strong><a href=\"https:\/\/www.youtube.com\/channel\/UCAptA0jQuYQy8vMhLt2m4qg\"><strong>Youtube<\/strong><\/a><strong>\u00a0e veja nossas mat\u00e9rias, v\u00eddeos e fotos. Voc\u00ea tamb\u00e9m pode enviar informa\u00e7\u00f5es \u00e0 Reda\u00e7\u00e3o do Portal Cariri em A\u00e7\u00e3o pelo WhatsApp (83) 9 9634.5791, (83) 9 9601-1162.<\/strong><\/p>\n","protected":false},"excerpt":{"rendered":"<p>O Governo do Estado publicou, na edi\u00e7\u00e3o desta ter\u00e7a-feira (27) do Di\u00e1rio Oficial, dois editais de processo seletivo para contrata\u00e7\u00e3o por tempo determinadona na \u00e1rea&hellip; <\/p>\n","protected":false},"author":2,"featured_media":25124,"comment_status":"closed","ping_status":"closed","sticky":false,"template":"","format":"standard","meta":{"sfsi_plus_gutenberg_text_before_share":"","sfsi_plus_gutenberg_show_text_before_share":"","sfsi_plus_gutenberg_icon_type":"","sfsi_plus_gutenberg_icon_alignemt":"","sfsi_plus_gutenburg_max_per_row":"","footnotes":""},"categories":[2],"tags":[],"class_list":["post-42368","post","type-post","status-publish","format-standard","has-post-thumbnail","hentry","category-geral"],"_links":{"self":[{"href":"https:\/\/www.caririemacao.com\/1\/wp-json\/wp\/v2\/posts\/42368","targetHints":{"allow":["GET"]}}],"collection":[{"href":"https:\/\/www.caririemacao.com\/1\/wp-json\/wp\/v2\/posts"}],"about":[{"href":"https:\/\/www.caririemacao.com\/1\/wp-json\/wp\/v2\/types\/post"}],"author":[{"embeddable":true,"href":"https:\/\/www.caririemacao.com\/1\/wp-json\/wp\/v2\/users\/2"}],"replies":[{"embeddable":true,"href":"https:\/\/www.caririemacao.com\/1\/wp-json\/wp\/v2\/comments?post=42368"}],"version-history":[{"count":0,"href":"https:\/\/www.caririemacao.com\/1\/wp-json\/wp\/v2\/posts\/42368\/revisions"}],"wp:featuredmedia":[{"embeddable":true,"href":"https:\/\/www.caririemacao.com\/1\/wp-json\/wp\/v2\/media\/25124"}],"wp:attachment":[{"href":"https:\/\/www.caririemacao.com\/1\/wp-json\/wp\/v2\/media?parent=42368"}],"wp:term":[{"taxonomy":"category","embeddable":true,"href":"https:\/\/www.caririemacao.com\/1\/wp-json\/wp\/v2\/categories?post=42368"},{"taxonomy":"post_tag","embeddable":true,"href":"https:\/\/www.caririemacao.com\/1\/wp-json\/wp\/v2\/tags?post=42368"}],"curies":[{"name":"wp","href":"https:\/\/api.w.org\/{rel}","templated":true}]}}