{"id":42371,"date":"2018-02-27T12:29:01","date_gmt":"2018-02-27T15:29:01","guid":{"rendered":"http:\/\/caririemacao.com\/1\/?p=42371"},"modified":"2018-02-27T12:29:01","modified_gmt":"2018-02-27T15:29:01","slug":"convidado-por-tres-partidos-veneziano-marca-data-para-definir-futuro-politico","status":"publish","type":"post","link":"https:\/\/www.caririemacao.com\/1\/2018\/02\/27\/convidado-por-tres-partidos-veneziano-marca-data-para-definir-futuro-politico\/","title":{"rendered":"Convidado por tr\u00eas partidos, Veneziano marca data para definir futuro pol\u00edtico"},"content":{"rendered":"<p>A decis\u00e3o do Diret\u00f3rio Nacional do MDB de doar R$ 1,5 milh\u00e3o para a campanha dos deputados federais e a articula\u00e7\u00e3o do senador Jos\u00e9 Maranh\u00e3o em busca de siglas para alian\u00e7as e novas filia\u00e7\u00f5es n\u00e3o garantem a perman\u00eancia do deputado federal Veneziano Vital do R\u00eago (MDB) na legenda.<\/p>\n<p>\u201cA prioridade n\u00e3o \u00e9 o recurso (R$ 1,5 milh\u00e3o) para a campanha, mas as alian\u00e7as partid\u00e1rias que possam garantir aos deputados federais e deputados estaduais \u00e0s condi\u00e7\u00f5es para que sejam eleitos\u201d, explicou Veneziano nesta segunda-feira (26).<\/p>\n<p>Se o MDB n\u00e3o conseguir at\u00e9 mar\u00e7o estas condi\u00e7\u00f5es, Veneziano pode deixar o partido. Ele j\u00e1 recebeu convites: PSB, DEM e Podemos. As legendas s\u00e3o base do governador Ricardo Coutinho e do pr\u00e9-candidato ao governo, o secret\u00e1rio Jo\u00e3o Azevedo (PSB).<\/p>\n<p>Diante deste quadro, Veneziano marcou para 6 de abril a data em que anunciar\u00e1 seu futuro pol\u00edtico: se fica no MDB ou vai se filiar a outro partido. No dia seguinte, 7 de abril, termina o prazo para troca de partido para quem vai concorrer a um cargo nas elei\u00e7\u00f5es de 7 de outubro do corrente ano.<\/p>\n<p>Al\u00e9m de Veneziano, ainda n\u00e3o decidiram se ficam no MDB os deputados federais Andr\u00e9 Amaral e Hugo Motta.<\/p>\n<h4>Poss\u00edveis aliados<\/h4>\n<p>Na reuni\u00e3o, com os parlamentares em sua resid\u00eancia no \u00faltimo final de semana, Jos\u00e9 Maranh\u00e3o reafirmou a pr\u00e9-candidatura ao Pal\u00e1cio da Reden\u00e7\u00e3o e revelou que PSC, PR e Solidariedade podem se coligar com MDB com vistas ao pleito majorit\u00e1rio e proporcional.<\/p>\n<p>&nbsp;<\/p>\n<p><strong>CARIRI EM A\u00c7\u00c3O<\/strong><\/p>\n<p><em>Com Jornal da Para\u00edba\/Foto: Reprodu\u00e7\u00e3o Internet<\/em><\/p>\n<p><strong>Leia mais not\u00edcias em\u00a0<\/strong><a href=\"http:\/\/www.caririemacao.com\/\"><strong>caririemacao.com<\/strong><\/a><strong>, siga nossa p\u00e1gina no\u00a0<\/strong><a href=\"https:\/\/www.facebook.com\/CaririEmAcao\/?ref=aymt_homepage_panel\"><strong>Facebook<\/strong><\/a>,<strong>\u00a0<\/strong><a href=\"https:\/\/www.instagram.com\/cariri_em_acao\/?hl=pt-br\"><strong>Instagram<\/strong><\/a><strong>\u00a0e <\/strong><a href=\"https:\/\/www.youtube.com\/channel\/UCAptA0jQuYQy8vMhLt2m4qg\"><strong>Youtube<\/strong><\/a><strong>\u00a0e veja nossas mat\u00e9rias, v\u00eddeos e fotos. Voc\u00ea tamb\u00e9m pode enviar informa\u00e7\u00f5es \u00e0 Reda\u00e7\u00e3o do Portal Cariri em A\u00e7\u00e3o pelo WhatsApp (83) 9 9634.5791, (83) 9 9601-1162.<\/strong><\/p>\n","protected":false},"excerpt":{"rendered":"<p>A decis\u00e3o do Diret\u00f3rio Nacional do MDB de doar R$ 1,5 milh\u00e3o para a campanha dos deputados federais e a articula\u00e7\u00e3o do senador Jos\u00e9 Maranh\u00e3o&hellip; <\/p>\n","protected":false},"author":2,"featured_media":37176,"comment_status":"closed","ping_status":"closed","sticky":false,"template":"","format":"standard","meta":{"sfsi_plus_gutenberg_text_before_share":"","sfsi_plus_gutenberg_show_text_before_share":"","sfsi_plus_gutenberg_icon_type":"","sfsi_plus_gutenberg_icon_alignemt":"","sfsi_plus_gutenburg_max_per_row":"","footnotes":""},"categories":[11],"tags":[],"class_list":["post-42371","post","type-post","status-publish","format-standard","has-post-thumbnail","hentry","category-politica"],"_links":{"self":[{"href":"https:\/\/www.caririemacao.com\/1\/wp-json\/wp\/v2\/posts\/42371","targetHints":{"allow":["GET"]}}],"collection":[{"href":"https:\/\/www.caririemacao.com\/1\/wp-json\/wp\/v2\/posts"}],"about":[{"href":"https:\/\/www.caririemacao.com\/1\/wp-json\/wp\/v2\/types\/post"}],"author":[{"embeddable":true,"href":"https:\/\/www.caririemacao.com\/1\/wp-json\/wp\/v2\/users\/2"}],"replies":[{"embeddable":true,"href":"https:\/\/www.caririemacao.com\/1\/wp-json\/wp\/v2\/comments?post=42371"}],"version-history":[{"count":0,"href":"https:\/\/www.caririemacao.com\/1\/wp-json\/wp\/v2\/posts\/42371\/revisions"}],"wp:featuredmedia":[{"embeddable":true,"href":"https:\/\/www.caririemacao.com\/1\/wp-json\/wp\/v2\/media\/37176"}],"wp:attachment":[{"href":"https:\/\/www.caririemacao.com\/1\/wp-json\/wp\/v2\/media?parent=42371"}],"wp:term":[{"taxonomy":"category","embeddable":true,"href":"https:\/\/www.caririemacao.com\/1\/wp-json\/wp\/v2\/categories?post=42371"},{"taxonomy":"post_tag","embeddable":true,"href":"https:\/\/www.caririemacao.com\/1\/wp-json\/wp\/v2\/tags?post=42371"}],"curies":[{"name":"wp","href":"https:\/\/api.w.org\/{rel}","templated":true}]}}