{"id":42374,"date":"2018-02-27T12:37:05","date_gmt":"2018-02-27T15:37:05","guid":{"rendered":"http:\/\/caririemacao.com\/1\/?p=42374"},"modified":"2018-02-27T12:37:05","modified_gmt":"2018-02-27T15:37:05","slug":"aesa-quer-abrir-comporta-do-acude-de-boqueirao-para-abastecer-acaua","status":"publish","type":"post","link":"https:\/\/www.caririemacao.com\/1\/2018\/02\/27\/aesa-quer-abrir-comporta-do-acude-de-boqueirao-para-abastecer-acaua\/","title":{"rendered":"Aesa quer abrir comporta do a\u00e7ude de Boqueir\u00e3o para abastecer Acau\u00e3"},"content":{"rendered":"<p class=\"western\">Uma resolu\u00e7\u00e3o conjunta da ANA (Ag\u00eancia Nacional das \u00c1guas) e da Aesa (Ag\u00eancia de Gest\u00e3o das \u00c1guas do Estado da Para\u00edba) deve ser editada esta semana, determinado a abertura da comporta do a\u00e7ude Epit\u00e1cio Pessoa, em Boqueir\u00e3o. O objetivo \u00e9 liberar a \u00e1gua, por meio do rio Para\u00edba, para a barragem de Acau\u00e3, em Itatuba, no Agreste, e garantir o abastecimento de 14 munic\u00edpios.<\/p>\n<p class=\"western\">A informa\u00e7\u00e3o foi repassada pelo presidente da Aesa, Jo\u00e3o Fernandes, que projeta a libera\u00e7\u00e3o de 5 milh\u00f5es de metros c\u00fabicos de \u00e1gua (m\u00b3). Atualmente, Acau\u00e3 est\u00e1 com pouco mais de 7,5 milh\u00f5es de m\u00b3, 3,1% de sua capacidade, que \u00e9 de 253 milh\u00f5es m\u00b3. J\u00e1 Boqueir\u00e3o acumula quase 50 milh\u00f5es de metros c\u00fabicos de \u00e1gua, aproximando-se de 12% de sua capacidade.<\/p>\n<p class=\"western\">\u201cA abertura esta semana da comporta de Boqueir\u00e3o vai levar \u00e1gua para Acau\u00e3 e abastecer 14 cidades. Inclusive, quatro delas em est\u00e3o em colapso de \u00e1gua: Aroeiras, Gado Bravo, Itatuba e Ing\u00e1\u201d, justifica Fernandes.<\/p>\n<p>A medida \u00e9 tomada dez meses depois de Boqueir\u00e3o registrar seu pior n\u00edvel de volume, quando chegou a 2,9%.\u00a0Desde abril do ano passado, o reservat\u00f3rio vem recebendo \u00e1guas do Rio S\u00e3o Francisco atrav\u00e9s do projeto da transposi\u00e7\u00e3o. Na segunda-feira (26), a\u00a0Aesa informou que o\u00a0n\u00edvel subiu 44 cent\u00edmetros no fim de semana e o volume atingiu a marca de 11,82%, depois do registro de chuvas na regi\u00e3o. A recarga h\u00eddrica foi observada do per\u00edodo de s\u00e1bado (24) at\u00e9 a manh\u00e3 desta segunda-feira (26) e corresponde ao total de 3.628,210 milh\u00f5es de metros c\u00fabicos de \u00e1gua.<\/p>\n<p><strong>CARIRI EM A\u00c7\u00c3O<\/strong><\/p>\n<p><em>Com Jornal da Para\u00edba \/Foto: Reprodu\u00e7\u00e3o Internet<\/em><\/p>\n<p><strong>Leia mais not\u00edcias em\u00a0<\/strong><a href=\"http:\/\/www.caririemacao.com\/\"><strong>caririemacao.com<\/strong><\/a><strong>, siga nossa p\u00e1gina no\u00a0<\/strong><a href=\"https:\/\/www.facebook.com\/CaririEmAcao\/?ref=aymt_homepage_panel\"><strong>Facebook<\/strong><\/a>,<strong>\u00a0<\/strong><a href=\"https:\/\/www.instagram.com\/cariri_em_acao\/?hl=pt-br\"><strong>Instagram<\/strong><\/a><strong>\u00a0e <\/strong><a href=\"https:\/\/www.youtube.com\/channel\/UCAptA0jQuYQy8vMhLt2m4qg\"><strong>Youtube<\/strong><\/a><strong>\u00a0e veja nossas mat\u00e9rias, v\u00eddeos e fotos. Voc\u00ea tamb\u00e9m pode enviar informa\u00e7\u00f5es \u00e0 Reda\u00e7\u00e3o do Portal Cariri em A\u00e7\u00e3o pelo WhatsApp (83) 9 9634.5791, (83) 9 9601-1162.<\/strong><\/p>\n","protected":false},"excerpt":{"rendered":"<p>Uma resolu\u00e7\u00e3o conjunta da ANA (Ag\u00eancia Nacional das \u00c1guas) e da Aesa (Ag\u00eancia de Gest\u00e3o das \u00c1guas do Estado da Para\u00edba) deve ser editada esta&hellip; <\/p>\n","protected":false},"author":2,"featured_media":42376,"comment_status":"closed","ping_status":"closed","sticky":false,"template":"","format":"standard","meta":{"sfsi_plus_gutenberg_text_before_share":"","sfsi_plus_gutenberg_show_text_before_share":"","sfsi_plus_gutenberg_icon_type":"","sfsi_plus_gutenberg_icon_alignemt":"","sfsi_plus_gutenburg_max_per_row":"","footnotes":""},"categories":[2],"tags":[],"class_list":["post-42374","post","type-post","status-publish","format-standard","has-post-thumbnail","hentry","category-geral"],"_links":{"self":[{"href":"https:\/\/www.caririemacao.com\/1\/wp-json\/wp\/v2\/posts\/42374","targetHints":{"allow":["GET"]}}],"collection":[{"href":"https:\/\/www.caririemacao.com\/1\/wp-json\/wp\/v2\/posts"}],"about":[{"href":"https:\/\/www.caririemacao.com\/1\/wp-json\/wp\/v2\/types\/post"}],"author":[{"embeddable":true,"href":"https:\/\/www.caririemacao.com\/1\/wp-json\/wp\/v2\/users\/2"}],"replies":[{"embeddable":true,"href":"https:\/\/www.caririemacao.com\/1\/wp-json\/wp\/v2\/comments?post=42374"}],"version-history":[{"count":0,"href":"https:\/\/www.caririemacao.com\/1\/wp-json\/wp\/v2\/posts\/42374\/revisions"}],"wp:featuredmedia":[{"embeddable":true,"href":"https:\/\/www.caririemacao.com\/1\/wp-json\/wp\/v2\/media\/42376"}],"wp:attachment":[{"href":"https:\/\/www.caririemacao.com\/1\/wp-json\/wp\/v2\/media?parent=42374"}],"wp:term":[{"taxonomy":"category","embeddable":true,"href":"https:\/\/www.caririemacao.com\/1\/wp-json\/wp\/v2\/categories?post=42374"},{"taxonomy":"post_tag","embeddable":true,"href":"https:\/\/www.caririemacao.com\/1\/wp-json\/wp\/v2\/tags?post=42374"}],"curies":[{"name":"wp","href":"https:\/\/api.w.org\/{rel}","templated":true}]}}