{"id":42378,"date":"2018-02-27T12:48:37","date_gmt":"2018-02-27T15:48:37","guid":{"rendered":"http:\/\/caririemacao.com\/1\/?p=42378"},"modified":"2018-02-27T12:48:37","modified_gmt":"2018-02-27T15:48:37","slug":"cardiopatia-e-anemia-falciforme-podem-causar-o-avc-infantil","status":"publish","type":"post","link":"https:\/\/www.caririemacao.com\/1\/2018\/02\/27\/cardiopatia-e-anemia-falciforme-podem-causar-o-avc-infantil\/","title":{"rendered":"Cardiopatia e anemia falciforme podem causar o AVC infantil"},"content":{"rendered":"<div class=\"mc-column content-media content-media--normal content-video\" data-block-type=\"backstage-video\" data-block-id=\"0\">\n<div class=\"content-media__description-centered\">\n<p class=\"content-media__description\">AVC n\u00e3o \u00e9 s\u00f3 doen\u00e7a de adulto, crian\u00e7a tamb\u00e9m tem acidente vascular cerebral. Os casos s\u00e3o raros e por isso o diagn\u00f3stico pode demorar. A preval\u00eancia \u00e9 de dois a oito casos para cada 100.000 crian\u00e7as at\u00e9 17 anos por ano, mas quando acontece costuma ser grave e deixar sequelas. O Bem Estar convidou o cardiologista e consultor Roberto Kalil e a neurologista Ana Claudia de Souza para falar sobre o assunto.<\/p>\n<\/div>\n<\/div>\n<div class=\"mc-column content-text active-extra-styles \" data-block-type=\"unstyled\" data-block-weight=\"76\" data-block-id=\"3\">\n<p class=\"content-text__container \" data-track-category=\"Link no Texto\" data-track-links=\"\">O AVC pode ocorrer em todas as fases da vida. Nas crian\u00e7as e adolescentes, apesar de raro, \u00e9 uma importante causa de interna\u00e7\u00f5es e mortes, pois quando os sinais de alerta aparecem, muitas vezes n\u00e3o s\u00e3o considerados. O risco em jovens adultos (antes dos 60) \u00e9 baixo, mas o n\u00famero vem aumentando. Isso se d\u00e1 principalmente pelo aumento da preval\u00eancia de fatores de risco vasculares, diabetes, obesidade, abuso de \u00e1lcool, tabagismo e uso de drogas il\u00edcitas.<\/p>\n<\/div>\n<div class=\"mc-column content-media content-media--normal content-video\" data-block-type=\"backstage-video\" data-block-id=\"4\">\n<div class=\"content-media__container content-media__container--loaded\">\n<div class=\"content-video__video\">\n<div id=\"wp3-player-1\" class=\"clappr-player\" tabindex=\"9999\" data-player=\"\">\n<div class=\"dfp-ad-overlay dfp-ad-overlay--poster-mode\">\n<div>Cardiopatia e anemia falciforme podem causar o AVC infantil<\/div>\n<\/div>\n<\/div>\n<\/div>\n<\/div>\n<\/div>\n<div class=\"mc-column content-text active-extra-styles \" data-block-type=\"unstyled\" data-block-weight=\"61\" data-block-id=\"5\">\n<p class=\"content-text__container \" data-track-category=\"Link no Texto\" data-track-links=\"\">O AVC infantil pode ser causado por muitos problemas: cardiopatia, anemia falciforme, e, por exemplo, o v\u00edrus da catapora. Por isso \u00e9 t\u00e3o dif\u00edcil identificar a causa. \u00c9 importante ficar atento a qualquer sinal, mesmo que pare\u00e7a simples demais, como uma p\u00e1lpebra ca\u00edda, uma movimenta\u00e7\u00e3o acelerada dos olhos, um bra\u00e7o ou uma perna que n\u00e3o se mexe como do outro lado.<\/p>\n<\/div>\n<div class=\"content-ads content-ads--reveal\" data-block-type=\"ads\" data-block-id=\"6\">\n<div id=\"banner_materia2\" class=\"tag-manager-publicidade-container has-reveal has-ad-lazyload tag-manager-publicidade-banner_materia2 tag-manager-publicidade-container--carregado tag-manager-publicidade-container--visivel\" data-id=\"banner_materia2\" data-google-query-id=\"CKK1oNS2xtkCFVAjHwodyUcGYw\" data-cid=\"138225739821\" data-lid=\"4583372877\">\n<div id=\"google_ads_iframe_\/95377733\/tvg_G1\/Bem_Estar_2__container__\">Em caso de crian\u00e7as maiores \u00e9 preciso ficar alerta caso elas tenham dificuldade para sentar ou permanecer com a cabe\u00e7a equilibrada no pesco\u00e7o, dores de cabe\u00e7a, uma das pernas arrastadas ao caminhar. Perceber esses sinais e identificar cedo o AVC faz a diferen\u00e7a na vida da crian\u00e7a.<\/div>\n<\/div>\n<\/div>\n<div class=\"mc-column content-text active-extra-styles \" data-block-type=\"unstyled\" data-block-weight=\"21\" data-block-id=\"8\">\n<p class=\"content-text__container \" data-track-category=\"Link no Texto\" data-track-links=\"\"><em>Mostramos no programa desta ter\u00e7a-feira um aplicativo que ajuda a medir o risco de AVC. O nome do aplicativo \u00e9 Risc\u00f4metro.<\/em><\/p>\n<\/div>\n<div class=\"mc-column content-media content-media--normal content-video\" data-block-type=\"backstage-video\" data-block-id=\"9\">\n<div class=\"content-media__container content-media__container--loaded\">\n<div class=\"content-video__video\">\n<div id=\"wp3-player-2\" class=\"clappr-player\" tabindex=\"9999\" data-player=\"\">\n<div class=\"dfp-ad-overlay dfp-ad-overlay--poster-mode\"><\/div>\n<\/div>\n<\/div>\n<div class=\"content-video__placeholder\" data-video-id=\"6535672\">Estudo mostra que 90% das pessoas que sofreram AVC poderiam ter evitado<\/div>\n<\/div>\n<\/div>\n<div class=\"mc-column content-text active-extra-styles \" data-block-type=\"unstyled\" data-block-weight=\"3\" data-block-id=\"10\">\n<p class=\"content-text__container \" data-track-category=\"Link no Texto\" data-track-links=\"\"><strong>Sinais de alerta<\/strong><\/p>\n<\/div>\n<div class=\"mc-column content-text active-extra-styles \" data-block-type=\"unstyled\" data-block-weight=\"35\" data-block-id=\"11\">\n<p class=\"content-text__container \" data-track-category=\"Link no Texto\" data-track-links=\"\">Voc\u00ea sabia que 90% das pessoas que sofreram um acidente vascular cerebral poderiam n\u00e3o ter passado por isso? Foi o que comprovou um estudo com quase 27 mil pacientes que tiveram AVC em 32 pa\u00edses.<\/p>\n<\/div>\n<div class=\"mc-column content-text active-extra-styles \" data-block-type=\"unstyled\" data-block-weight=\"10\" data-block-id=\"12\">\n<p class=\"content-text__container \" data-track-category=\"Link no Texto\" data-track-links=\"\">Os pesquisadores observaram os dez fatores de risco dessas pessoas:<\/p>\n<\/div>\n<div class=\"mc-column content-text active-extra-styles\" data-block-type=\"raw\" data-block-weight=\"26\" data-block-id=\"13\">\n<ul class=\"content-unordered-list\">\n<li>Controlar a hipertens\u00e3o<\/li>\n<li>Diabetes<\/li>\n<li>Gordura no sangue<\/li>\n<li>Cuidar do cora\u00e7\u00e3o<\/li>\n<li>Sair do sedentarismo<\/li>\n<li>Parar de fumar<\/li>\n<li>Controlar o \u00e1lcool<\/li>\n<li>Estresse<\/li>\n<li>Melhorar a alimenta\u00e7\u00e3o<\/li>\n<li>Tamanho da barriga<\/li>\n<\/ul>\n<p><strong>CARIRI EM A\u00c7\u00c3O<\/strong><\/p>\n<p><em>Com G1 \/Foto: Reprodu\u00e7\u00e3o Internet<\/em><\/p>\n<p><strong>Leia mais not\u00edcias em\u00a0<\/strong><a href=\"http:\/\/www.caririemacao.com\/\"><strong>caririemacao.com<\/strong><\/a><strong>, siga nossa p\u00e1gina no\u00a0<\/strong><a href=\"https:\/\/www.facebook.com\/CaririEmAcao\/?ref=aymt_homepage_panel\"><strong>Facebook<\/strong><\/a>,<strong>\u00a0<\/strong><a href=\"https:\/\/www.instagram.com\/cariri_em_acao\/?hl=pt-br\"><strong>Instagram<\/strong><\/a><strong>\u00a0e <\/strong><a href=\"https:\/\/www.youtube.com\/channel\/UCAptA0jQuYQy8vMhLt2m4qg\"><strong>Youtube<\/strong><\/a><strong>\u00a0e veja nossas mat\u00e9rias, v\u00eddeos e fotos. Voc\u00ea tamb\u00e9m pode enviar informa\u00e7\u00f5es \u00e0 Reda\u00e7\u00e3o do Portal Cariri em A\u00e7\u00e3o pelo WhatsApp (83) 9 9634.5791, (83) 9 9601-1162.<\/strong><\/p>\n<\/div>\n","protected":false},"excerpt":{"rendered":"<p>AVC n\u00e3o \u00e9 s\u00f3 doen\u00e7a de adulto, crian\u00e7a tamb\u00e9m tem acidente vascular cerebral. Os casos s\u00e3o raros e por isso o diagn\u00f3stico pode demorar. A&hellip; <\/p>\n","protected":false},"author":2,"featured_media":42379,"comment_status":"closed","ping_status":"closed","sticky":false,"template":"","format":"standard","meta":{"sfsi_plus_gutenberg_text_before_share":"","sfsi_plus_gutenberg_show_text_before_share":"","sfsi_plus_gutenberg_icon_type":"","sfsi_plus_gutenberg_icon_alignemt":"","sfsi_plus_gutenburg_max_per_row":"","footnotes":""},"categories":[16],"tags":[],"class_list":["post-42378","post","type-post","status-publish","format-standard","has-post-thumbnail","hentry","category-saude"],"_links":{"self":[{"href":"https:\/\/www.caririemacao.com\/1\/wp-json\/wp\/v2\/posts\/42378","targetHints":{"allow":["GET"]}}],"collection":[{"href":"https:\/\/www.caririemacao.com\/1\/wp-json\/wp\/v2\/posts"}],"about":[{"href":"https:\/\/www.caririemacao.com\/1\/wp-json\/wp\/v2\/types\/post"}],"author":[{"embeddable":true,"href":"https:\/\/www.caririemacao.com\/1\/wp-json\/wp\/v2\/users\/2"}],"replies":[{"embeddable":true,"href":"https:\/\/www.caririemacao.com\/1\/wp-json\/wp\/v2\/comments?post=42378"}],"version-history":[{"count":0,"href":"https:\/\/www.caririemacao.com\/1\/wp-json\/wp\/v2\/posts\/42378\/revisions"}],"wp:featuredmedia":[{"embeddable":true,"href":"https:\/\/www.caririemacao.com\/1\/wp-json\/wp\/v2\/media\/42379"}],"wp:attachment":[{"href":"https:\/\/www.caririemacao.com\/1\/wp-json\/wp\/v2\/media?parent=42378"}],"wp:term":[{"taxonomy":"category","embeddable":true,"href":"https:\/\/www.caririemacao.com\/1\/wp-json\/wp\/v2\/categories?post=42378"},{"taxonomy":"post_tag","embeddable":true,"href":"https:\/\/www.caririemacao.com\/1\/wp-json\/wp\/v2\/tags?post=42378"}],"curies":[{"name":"wp","href":"https:\/\/api.w.org\/{rel}","templated":true}]}}