{"id":42550,"date":"2018-03-01T07:48:47","date_gmt":"2018-03-01T10:48:47","guid":{"rendered":"http:\/\/caririemacao.com\/1\/?p=42550"},"modified":"2018-03-02T14:08:28","modified_gmt":"2018-03-02T17:08:28","slug":"sai-resultado-preliminar-de-processo-seletivo-do-programa-de-educacao-de-jovens-e-adultos-de-sume-2","status":"publish","type":"post","link":"https:\/\/www.caririemacao.com\/1\/2018\/03\/01\/sai-resultado-preliminar-de-processo-seletivo-do-programa-de-educacao-de-jovens-e-adultos-de-sume-2\/","title":{"rendered":"Sai resultado preliminar de Processo Seletivo do Programa de Educa\u00e7\u00e3o de Jovens e Adultos de Sum\u00e9"},"content":{"rendered":"<p>A Prefeitura de Sum\u00e9 divulgou nesta ter\u00e7a-feira (27\/02) o resultado preliminar do Processo Seletivo para sele\u00e7\u00e3o de professor do Programa de Alfabetiza\u00e7\u00e3o de Jovens e Adultos.<\/p>\n<p>O candidato que desejar interpor recurso contra o resultado do Processo Seletivo tem o prazo de 48 horas (at\u00e9 a pr\u00f3xima quinta-feira), das 08h \u00e0s 12h, para apresentar o recurso na Secretaria Municipal de Educa\u00e7\u00e3o devidamente fundamentado e com a devida identifica\u00e7\u00e3o. N\u00e3o ser\u00e3o aceitos recursos por procura\u00e7\u00e3o, fax ou correio eletr\u00f4nico.<\/p>\n<p>O resultado apresenta os aprovados e classificados para a zona urbana e os aprovados e classificados para a zona rural.<\/p>\n<p><a href=\"http:\/\/www.sume.pb.gov.br\/2018\/02\/sai-resultado-preliminar-de-processo-seletivo-do-programa-de-educacao-de-jovens-e-adultos-de-sume\/\"><strong>CONFIRA A RELA\u00c7\u00c3O AQUI!<\/strong><\/a><\/p>\n<p><strong>CARIRI EM A\u00c7\u00c3O<\/strong><\/p>\n<p><em>Com\u00a0Ascom\/PMS<\/em><em>\/Foto: Reprodu\u00e7\u00e3o google<\/em><\/p>\n<p><strong>Leia mais not\u00edcias em\u00a0<\/strong><a href=\"http:\/\/www.caririemacao.com\/\"><strong>caririemacao.com<\/strong><\/a><strong>, siga nossa p\u00e1gina no\u00a0<\/strong><a href=\"https:\/\/www.facebook.com\/CaririEmAcao\/?ref=aymt_homepage_panel\"><strong>Facebook<\/strong><\/a>,<strong>\u00a0<\/strong><a href=\"https:\/\/www.instagram.com\/cariri_em_acao\/?hl=pt-br\"><strong>Instagram<\/strong><\/a><strong>\u00a0e\u00a0<\/strong><a href=\"https:\/\/www.youtube.com\/channel\/UCAptA0jQuYQy8vMhLt2m4qg\"><strong>Youtube<\/strong><\/a><strong>\u00a0e veja nossas mat\u00e9rias, v\u00eddeos e fotos. Voc\u00ea tamb\u00e9m pode enviar informa\u00e7\u00f5es \u00e0 Reda\u00e7\u00e3o do Portal Cariri em A\u00e7\u00e3o pelo WhatsApp (83) 9 9634.5791, (83) 9 9601-1162.<\/strong><\/p>\n","protected":false},"excerpt":{"rendered":"<p>A Prefeitura de Sum\u00e9 divulgou nesta ter\u00e7a-feira (27\/02) o resultado preliminar do Processo Seletivo para sele\u00e7\u00e3o de professor do Programa de Alfabetiza\u00e7\u00e3o de Jovens e&hellip; <\/p>\n","protected":false},"author":2,"featured_media":10974,"comment_status":"closed","ping_status":"closed","sticky":false,"template":"","format":"standard","meta":{"sfsi_plus_gutenberg_text_before_share":"","sfsi_plus_gutenberg_show_text_before_share":"","sfsi_plus_gutenberg_icon_type":"","sfsi_plus_gutenberg_icon_alignemt":"","sfsi_plus_gutenburg_max_per_row":"","footnotes":""},"categories":[2],"tags":[],"class_list":["post-42550","post","type-post","status-publish","format-standard","has-post-thumbnail","hentry","category-geral"],"_links":{"self":[{"href":"https:\/\/www.caririemacao.com\/1\/wp-json\/wp\/v2\/posts\/42550","targetHints":{"allow":["GET"]}}],"collection":[{"href":"https:\/\/www.caririemacao.com\/1\/wp-json\/wp\/v2\/posts"}],"about":[{"href":"https:\/\/www.caririemacao.com\/1\/wp-json\/wp\/v2\/types\/post"}],"author":[{"embeddable":true,"href":"https:\/\/www.caririemacao.com\/1\/wp-json\/wp\/v2\/users\/2"}],"replies":[{"embeddable":true,"href":"https:\/\/www.caririemacao.com\/1\/wp-json\/wp\/v2\/comments?post=42550"}],"version-history":[{"count":0,"href":"https:\/\/www.caririemacao.com\/1\/wp-json\/wp\/v2\/posts\/42550\/revisions"}],"wp:featuredmedia":[{"embeddable":true,"href":"https:\/\/www.caririemacao.com\/1\/wp-json\/wp\/v2\/media\/10974"}],"wp:attachment":[{"href":"https:\/\/www.caririemacao.com\/1\/wp-json\/wp\/v2\/media?parent=42550"}],"wp:term":[{"taxonomy":"category","embeddable":true,"href":"https:\/\/www.caririemacao.com\/1\/wp-json\/wp\/v2\/categories?post=42550"},{"taxonomy":"post_tag","embeddable":true,"href":"https:\/\/www.caririemacao.com\/1\/wp-json\/wp\/v2\/tags?post=42550"}],"curies":[{"name":"wp","href":"https:\/\/api.w.org\/{rel}","templated":true}]}}