{"id":42552,"date":"2018-03-01T07:51:17","date_gmt":"2018-03-01T10:51:17","guid":{"rendered":"http:\/\/caririemacao.com\/1\/?p=42552"},"modified":"2018-03-01T07:51:17","modified_gmt":"2018-03-01T10:51:17","slug":"em-brasilia-rc-se-reune-com-temer-governadores-e-ministros-para-debater-seguranca-publica","status":"publish","type":"post","link":"https:\/\/www.caririemacao.com\/1\/2018\/03\/01\/em-brasilia-rc-se-reune-com-temer-governadores-e-ministros-para-debater-seguranca-publica\/","title":{"rendered":"Em Bras\u00edlia, RC se re\u00fane com Temer, governadores e ministros para debater seguran\u00e7a p\u00fablica"},"content":{"rendered":"<p>A seguran\u00e7a p\u00fablica \u00e9 o principal tema da reuni\u00e3o que o presidente Michel Temer comandar\u00e1 hoje (1\u00ba), \u00e0s 11h, no Pal\u00e1cio do Planalto. Foram convidados todos os governadores, dentre eles o paraibano Ricardo Coutinho (PSB), ministros, os presidentes do Senado, Eun\u00edcio Oliveira (PMDB-CE), e da C\u00e2mara, Rodrigo Maia (DEM-RJ), e da presidente do Supremo Tribunal Federal, ministra C\u00e1rmen L\u00facia.<\/p>\n<p>Ontem (28), Temer disse, em entrevista \u00e0 r\u00e1dio Jovem Pan, que a interven\u00e7\u00e3o federal no Rio de Janeiro vai restabelecer a ordem no estado. Ele defendeu que a a\u00e7\u00e3o \u201csignifica cumprir rigorosamente a lei, e, portanto, combater a criminalidade\u201d<\/p>\n<p>Al\u00e9m disso, de acordo com o presidente, o governo federal tamb\u00e9m deve investir em programas sociais no Rio. \u201cAo lado da seguran\u00e7a p\u00fablica, o combate \u00e0 criminalidade tem que se conectar com programas de natureza social\u201d, explicou.<\/p>\n<p>Para refor\u00e7ar as a\u00e7\u00f5es na seguran\u00e7a p\u00fablica, o presidente da Rep\u00fablica criou o Minist\u00e9rio Extraordin\u00e1rio da Seguran\u00e7a P\u00fablica, sob o comando do ministro Raul Jungmann. A pasta vai integrar as estrat\u00e9gias de seguran\u00e7a p\u00fablica em todos os estados do pa\u00eds.<\/p>\n<p><strong>CARIRI EM A\u00c7\u00c3O<\/strong><\/p>\n<p><em>Com Para\u00edba J\u00e1<\/em><em>\/Foto:\u00a0Para\u00edba J\u00e1<\/em><\/p>\n<p><strong>Leia mais not\u00edcias em\u00a0<\/strong><a href=\"http:\/\/www.caririemacao.com\/\"><strong>caririemacao.com<\/strong><\/a><strong>, siga nossa p\u00e1gina no\u00a0<\/strong><a href=\"https:\/\/www.facebook.com\/CaririEmAcao\/?ref=aymt_homepage_panel\"><strong>Facebook<\/strong><\/a>,<strong>\u00a0<\/strong><a href=\"https:\/\/www.instagram.com\/cariri_em_acao\/?hl=pt-br\"><strong>Instagram<\/strong><\/a><strong>\u00a0e\u00a0<\/strong><a href=\"https:\/\/www.youtube.com\/channel\/UCAptA0jQuYQy8vMhLt2m4qg\"><strong>Youtube<\/strong><\/a><strong>\u00a0e veja nossas mat\u00e9rias, v\u00eddeos e fotos. Voc\u00ea tamb\u00e9m pode enviar informa\u00e7\u00f5es \u00e0 Reda\u00e7\u00e3o do Portal Cariri em A\u00e7\u00e3o pelo WhatsApp (83) 9 9634.5791, (83) 9 9601-1162.<\/strong><\/p>\n","protected":false},"excerpt":{"rendered":"<p>A seguran\u00e7a p\u00fablica \u00e9 o principal tema da reuni\u00e3o que o presidente Michel Temer comandar\u00e1 hoje (1\u00ba), \u00e0s 11h, no Pal\u00e1cio do Planalto. Foram convidados&hellip; <\/p>\n","protected":false},"author":2,"featured_media":42553,"comment_status":"closed","ping_status":"closed","sticky":false,"template":"","format":"standard","meta":{"sfsi_plus_gutenberg_text_before_share":"","sfsi_plus_gutenberg_show_text_before_share":"","sfsi_plus_gutenberg_icon_type":"","sfsi_plus_gutenberg_icon_alignemt":"","sfsi_plus_gutenburg_max_per_row":"","footnotes":""},"categories":[11],"tags":[],"class_list":["post-42552","post","type-post","status-publish","format-standard","has-post-thumbnail","hentry","category-politica"],"_links":{"self":[{"href":"https:\/\/www.caririemacao.com\/1\/wp-json\/wp\/v2\/posts\/42552","targetHints":{"allow":["GET"]}}],"collection":[{"href":"https:\/\/www.caririemacao.com\/1\/wp-json\/wp\/v2\/posts"}],"about":[{"href":"https:\/\/www.caririemacao.com\/1\/wp-json\/wp\/v2\/types\/post"}],"author":[{"embeddable":true,"href":"https:\/\/www.caririemacao.com\/1\/wp-json\/wp\/v2\/users\/2"}],"replies":[{"embeddable":true,"href":"https:\/\/www.caririemacao.com\/1\/wp-json\/wp\/v2\/comments?post=42552"}],"version-history":[{"count":0,"href":"https:\/\/www.caririemacao.com\/1\/wp-json\/wp\/v2\/posts\/42552\/revisions"}],"wp:featuredmedia":[{"embeddable":true,"href":"https:\/\/www.caririemacao.com\/1\/wp-json\/wp\/v2\/media\/42553"}],"wp:attachment":[{"href":"https:\/\/www.caririemacao.com\/1\/wp-json\/wp\/v2\/media?parent=42552"}],"wp:term":[{"taxonomy":"category","embeddable":true,"href":"https:\/\/www.caririemacao.com\/1\/wp-json\/wp\/v2\/categories?post=42552"},{"taxonomy":"post_tag","embeddable":true,"href":"https:\/\/www.caririemacao.com\/1\/wp-json\/wp\/v2\/tags?post=42552"}],"curies":[{"name":"wp","href":"https:\/\/api.w.org\/{rel}","templated":true}]}}