{"id":42555,"date":"2018-03-01T07:59:03","date_gmt":"2018-03-01T10:59:03","guid":{"rendered":"http:\/\/caririemacao.com\/1\/?p=42555"},"modified":"2018-03-01T07:59:42","modified_gmt":"2018-03-01T10:59:42","slug":"ex-prefeito-vai-ter-que-devolver-mais-de-r-18-milhao-ao-erario-publico","status":"publish","type":"post","link":"https:\/\/www.caririemacao.com\/1\/2018\/03\/01\/ex-prefeito-vai-ter-que-devolver-mais-de-r-18-milhao-ao-erario-publico\/","title":{"rendered":"TCE reprova contas e imp\u00f5e a ex-prefeito d\u00e9bito superior a R$ 1,8 milh\u00e3o"},"content":{"rendered":"<p>O Tribunal de Contas da Para\u00edba, reunido nesta quarta-feira (28), emitiu parecer contr\u00e1rio \u00e0 aprova\u00e7\u00e3o das contas de 2016 encaminhadas pelo ex-prefeito de Curral de Cima Nadir Fernandes de Farias, a quem imp\u00f4s o d\u00e9bito de R$ 1.875.670,57 por despesas sem comprova\u00e7\u00e3o documental.<\/p>\n<p>A ele, que pode recorrer dessa decis\u00e3o, o TCE ainda concedeu prazo de 60 dias para comprovar disponibilidade financeira superior a R$ 2.694.714,11 e justificar aus\u00eancia de recursos em conta corrente do Fundeb no montante de R$ 1.483.237,29, sob pena de notifica\u00e7\u00e3o do Minist\u00e9rio P\u00fablico para cobran\u00e7a judicial. Foi relator do processo o conselheiro Fernando Cat\u00e3o.<\/p>\n<p>O n\u00e3o recolhimento de contribui\u00e7\u00f5es previdenci\u00e1rias contribuiu para a desaprova\u00e7\u00e3o \u00e0s contas de 2016 do prefeito de S\u00e3o Jos\u00e9 dos Ramos, Eduardo Gindre Caxias de Lima, conforme voto do conselheiro substituto Antonio Cl\u00e1udio Silva Santos, contra o qual ainda cabe recurso.<\/p>\n<p>Na mesma sess\u00e3o plen\u00e1ria, houve a emiss\u00e3o de pareceres favor\u00e1veis \u00e0s contas de 2016 encaminhadas pelos prefeitos de Dami\u00e3o (Lucildo Fernandes de Oliveira) e Passagem (Magno Silva Martins). No caso de Dami\u00e3o, ocorreu a aprova\u00e7\u00e3o, ainda, \u00e0s contas do exerc\u00edcio de 2015.<\/p>\n<p>Conduzida pelo presidente Andr\u00e9 Carlo Torres Pontes, a sess\u00e3o plen\u00e1ria teve as participa\u00e7\u00f5es dos conselheiros Arn\u00f3bio Viana, Fernando Cat\u00e3o e Marcos Costa e, ainda, dos conselheiros substitutos Antonio Cl\u00e1udio Silva Santos, Antonio Gomes Vieira Filho e Renato S\u00e9rgio Santiago Melo. O Minist\u00e9rio P\u00fablico esteve representado pelo procurador geral Luciano Andrade Farias.<\/p>\n<p><strong>CARIRI EM A\u00c7\u00c3O<\/strong><\/p>\n<p><em>Com Ascom\/TCE-PB<\/em><em>\/Foto:\u00a0TCE<\/em><\/p>\n<p><strong>Leia mais not\u00edcias em\u00a0<\/strong><a href=\"http:\/\/www.caririemacao.com\/\"><strong>caririemacao.com<\/strong><\/a><strong>, siga nossa p\u00e1gina no\u00a0<\/strong><a href=\"https:\/\/www.facebook.com\/CaririEmAcao\/?ref=aymt_homepage_panel\"><strong>Facebook<\/strong><\/a>,<strong>\u00a0<\/strong><a href=\"https:\/\/www.instagram.com\/cariri_em_acao\/?hl=pt-br\"><strong>Instagram<\/strong><\/a><strong>\u00a0e\u00a0<\/strong><a href=\"https:\/\/www.youtube.com\/channel\/UCAptA0jQuYQy8vMhLt2m4qg\"><strong>Youtube<\/strong><\/a><strong>\u00a0e veja nossas mat\u00e9rias, v\u00eddeos e fotos. Voc\u00ea tamb\u00e9m pode enviar informa\u00e7\u00f5es \u00e0 Reda\u00e7\u00e3o do Portal Cariri em A\u00e7\u00e3o pelo WhatsApp (83) 9 9634.5791, (83) 9 9601-1162.<\/strong><\/p>\n<p>&nbsp;<\/p>\n","protected":false},"excerpt":{"rendered":"<p>O Tribunal de Contas da Para\u00edba, reunido nesta quarta-feira (28), emitiu parecer contr\u00e1rio \u00e0 aprova\u00e7\u00e3o das contas de 2016 encaminhadas pelo ex-prefeito de Curral de&hellip; <\/p>\n","protected":false},"author":2,"featured_media":42556,"comment_status":"closed","ping_status":"closed","sticky":false,"template":"","format":"standard","meta":{"sfsi_plus_gutenberg_text_before_share":"","sfsi_plus_gutenberg_show_text_before_share":"","sfsi_plus_gutenberg_icon_type":"","sfsi_plus_gutenberg_icon_alignemt":"","sfsi_plus_gutenburg_max_per_row":"","footnotes":""},"categories":[2],"tags":[],"class_list":["post-42555","post","type-post","status-publish","format-standard","has-post-thumbnail","hentry","category-geral"],"_links":{"self":[{"href":"https:\/\/www.caririemacao.com\/1\/wp-json\/wp\/v2\/posts\/42555","targetHints":{"allow":["GET"]}}],"collection":[{"href":"https:\/\/www.caririemacao.com\/1\/wp-json\/wp\/v2\/posts"}],"about":[{"href":"https:\/\/www.caririemacao.com\/1\/wp-json\/wp\/v2\/types\/post"}],"author":[{"embeddable":true,"href":"https:\/\/www.caririemacao.com\/1\/wp-json\/wp\/v2\/users\/2"}],"replies":[{"embeddable":true,"href":"https:\/\/www.caririemacao.com\/1\/wp-json\/wp\/v2\/comments?post=42555"}],"version-history":[{"count":0,"href":"https:\/\/www.caririemacao.com\/1\/wp-json\/wp\/v2\/posts\/42555\/revisions"}],"wp:featuredmedia":[{"embeddable":true,"href":"https:\/\/www.caririemacao.com\/1\/wp-json\/wp\/v2\/media\/42556"}],"wp:attachment":[{"href":"https:\/\/www.caririemacao.com\/1\/wp-json\/wp\/v2\/media?parent=42555"}],"wp:term":[{"taxonomy":"category","embeddable":true,"href":"https:\/\/www.caririemacao.com\/1\/wp-json\/wp\/v2\/categories?post=42555"},{"taxonomy":"post_tag","embeddable":true,"href":"https:\/\/www.caririemacao.com\/1\/wp-json\/wp\/v2\/tags?post=42555"}],"curies":[{"name":"wp","href":"https:\/\/api.w.org\/{rel}","templated":true}]}}