{"id":42559,"date":"2018-03-01T08:05:04","date_gmt":"2018-03-01T11:05:04","guid":{"rendered":"http:\/\/caririemacao.com\/1\/?p=42559"},"modified":"2018-03-01T08:05:04","modified_gmt":"2018-03-01T11:05:04","slug":"prefeitura-de-zabele-realiza-o-projeto-viver-a-vida-em-movimento","status":"publish","type":"post","link":"https:\/\/www.caririemacao.com\/1\/2018\/03\/01\/prefeitura-de-zabele-realiza-o-projeto-viver-a-vida-em-movimento\/","title":{"rendered":"Prefeitura de Zabel\u00ea realiza o projeto &#8220;Viver a Vida em Movimento&#8221;"},"content":{"rendered":"<p>E foi num clima de descontra\u00e7\u00e3o com muito riso e movimento que se deu o lan\u00e7amento do Projeto Viver a Vida em Movimento na cidade de Zabel\u00ea<\/p>\n<p>Esta a\u00e7\u00e3o ser\u00e1 sempre desenvolvida pela Secretaria de Assist\u00eancia Social em parceria com a Secretaria de Sa\u00fade, e visa trabalhar a qualidade de vida e bem estar social atrav\u00e9s do exerc\u00edcio f\u00edsico e da dan\u00e7a.<\/p>\n<p>A primeira aula foi realizada nessa ter\u00e7a-feira (27\/02).<\/p>\n<p><strong>CARIRI EM A\u00c7\u00c3O<\/strong><\/p>\n<p><em>Com Zabel\u00ea Ligado<\/em><em>\/Foto:\u00a0PZabel\u00ea Ligado<\/em><\/p>\n<p><strong>Leia mais not\u00edcias em\u00a0<\/strong><a href=\"http:\/\/www.caririemacao.com\/\"><strong>caririemacao.com<\/strong><\/a><strong>, siga nossa p\u00e1gina no\u00a0<\/strong><a href=\"https:\/\/www.facebook.com\/CaririEmAcao\/?ref=aymt_homepage_panel\"><strong>Facebook<\/strong><\/a>,<strong>\u00a0<\/strong><a href=\"https:\/\/www.instagram.com\/cariri_em_acao\/?hl=pt-br\"><strong>Instagram<\/strong><\/a><strong>\u00a0e\u00a0<\/strong><a href=\"https:\/\/www.youtube.com\/channel\/UCAptA0jQuYQy8vMhLt2m4qg\"><strong>Youtube<\/strong><\/a><strong>\u00a0e veja nossas mat\u00e9rias, v\u00eddeos e fotos. Voc\u00ea tamb\u00e9m pode enviar informa\u00e7\u00f5es \u00e0 Reda\u00e7\u00e3o do Portal Cariri em A\u00e7\u00e3o pelo WhatsApp (83) 9 9634.5791, (83) 9 9601-1162.<\/strong><\/p>\n","protected":false},"excerpt":{"rendered":"<p>E foi num clima de descontra\u00e7\u00e3o com muito riso e movimento que se deu o lan\u00e7amento do Projeto Viver a Vida em Movimento na cidade&hellip; <\/p>\n","protected":false},"author":2,"featured_media":42560,"comment_status":"closed","ping_status":"closed","sticky":false,"template":"","format":"standard","meta":{"sfsi_plus_gutenberg_text_before_share":"","sfsi_plus_gutenberg_show_text_before_share":"","sfsi_plus_gutenberg_icon_type":"","sfsi_plus_gutenberg_icon_alignemt":"","sfsi_plus_gutenburg_max_per_row":"","footnotes":""},"categories":[6],"tags":[],"class_list":["post-42559","post","type-post","status-publish","format-standard","has-post-thumbnail","hentry","category-cidades"],"_links":{"self":[{"href":"https:\/\/www.caririemacao.com\/1\/wp-json\/wp\/v2\/posts\/42559","targetHints":{"allow":["GET"]}}],"collection":[{"href":"https:\/\/www.caririemacao.com\/1\/wp-json\/wp\/v2\/posts"}],"about":[{"href":"https:\/\/www.caririemacao.com\/1\/wp-json\/wp\/v2\/types\/post"}],"author":[{"embeddable":true,"href":"https:\/\/www.caririemacao.com\/1\/wp-json\/wp\/v2\/users\/2"}],"replies":[{"embeddable":true,"href":"https:\/\/www.caririemacao.com\/1\/wp-json\/wp\/v2\/comments?post=42559"}],"version-history":[{"count":0,"href":"https:\/\/www.caririemacao.com\/1\/wp-json\/wp\/v2\/posts\/42559\/revisions"}],"wp:featuredmedia":[{"embeddable":true,"href":"https:\/\/www.caririemacao.com\/1\/wp-json\/wp\/v2\/media\/42560"}],"wp:attachment":[{"href":"https:\/\/www.caririemacao.com\/1\/wp-json\/wp\/v2\/media?parent=42559"}],"wp:term":[{"taxonomy":"category","embeddable":true,"href":"https:\/\/www.caririemacao.com\/1\/wp-json\/wp\/v2\/categories?post=42559"},{"taxonomy":"post_tag","embeddable":true,"href":"https:\/\/www.caririemacao.com\/1\/wp-json\/wp\/v2\/tags?post=42559"}],"curies":[{"name":"wp","href":"https:\/\/api.w.org\/{rel}","templated":true}]}}