{"id":42605,"date":"2018-03-01T10:08:17","date_gmt":"2018-03-01T13:08:17","guid":{"rendered":"http:\/\/caririemacao.com\/1\/?p=42605"},"modified":"2018-03-01T10:11:04","modified_gmt":"2018-03-01T13:11:04","slug":"governo-abrira-concurso-com-mil-vagas-para-pf-e-prf","status":"publish","type":"post","link":"https:\/\/www.caririemacao.com\/1\/2018\/03\/01\/governo-abrira-concurso-com-mil-vagas-para-pf-e-prf\/","title":{"rendered":"Governo abrir\u00e1 concurso com mil vagas para PF e PRF"},"content":{"rendered":"<section class=\"l-noticia\">O ministro da Seguran\u00e7a P\u00fablica, Raul Jungmann, informou, ao anunciar nesta quarta-feira (28) a equipe do novo minist\u00e9rio, que foi autorizado a abrir concurso para as pol\u00edcias Federal e Rodovi\u00e1ria Federal, com 500 vagas para cada corpora\u00e7\u00e3o. A promessa \u00e9 que os certames sejam realizados ainda em 2018. O ministro informou ainda que o or\u00e7amento da pasta ser\u00e1 de R$ 2,7 bilh\u00f5es. Ap\u00f3s reuni\u00e3o com o Minist\u00e9rio do Planejamento, ficou decidido que n\u00e3o haver\u00e1 contingenciamento das verbas do \u00f3rg\u00e3o.O ministro Jungmann anunciou que vai marcar um encontro dos ministros de Seguran\u00e7a de todos os pa\u00edses da Am\u00e9rica do Sul para discutir a situa\u00e7\u00e3o das fronteiras, e defendeu que uma autoridade do continente coordene a discuss\u00e3o do tema.<\/p>\n<p>Raul Jungmann anunciou os nomes que formar\u00e3o a equipe da pasta. O general Carlos Alberto Santos Cruz acumular\u00e1 a Secretaria-Executiva e a Secretaria Nacional de Seguran\u00e7a P\u00fablica; o diplomata Alessandro Candeas ser\u00e1 o chefe de gabinete; o delegado Rog\u00e9rio Galloro ser\u00e1 o diretor da Pol\u00edcia Federal; Renato Borges Dias fica na dire\u00e7\u00e3o da Pol\u00edcia Rodovi\u00e1ria Federal, e Carlos Felipe de Alencastro, como diretor do Departamento Penitenci\u00e1rio Nacional.<\/p>\n<p><strong>O Minist\u00e9rio foi criado por Medida Provis\u00f3ria na ter\u00e7a-feira (27) pelo presidente Michel Temer.<\/strong><\/p>\n<p>O ministro informou que o presidente Michel Temer vai se reunir nesta quinta-feira (1) com governadores para discutir a\u00e7\u00f5es de seguran\u00e7a p\u00fablica. Ele disse que n\u00e3o adiantaria os n\u00fameros sobre o or\u00e7amento da pasta, para que sejam divulgados pelo presidente. Mas adiantou que o Minist\u00e9rio do Planejamento n\u00e3o contingenciar\u00e1 as verbas do \u00f3rg\u00e3o. Anunciou ainda que foi autorizada a abertura de concurso para as pol\u00edcias Federal e Rodovi\u00e1ria Federal.<\/p>\n<p><strong>PF e PRF<\/strong><\/p>\n<p>Na Pol\u00edcia Federal, Jungmann anunciou que o n\u00famero de agentes em fronteiras ser\u00e1 dobrado. Segundo o ministro, o combate \u00e0 corrup\u00e7\u00e3o e ao crime organizado ser\u00e3o considerados priorit\u00e1rios, \u201cn\u00e3o sendo excludentes\u201d. Questionado sobre a opera\u00e7\u00e3o Lava Jato, afirmou que ela ter\u00e1 \u201ctodo o apoio em todas as suas necessidades\u201d.<\/p>\n<p>Na Pol\u00edcia Rodovi\u00e1ria Federal, ser\u00e1 fortalecido o programa Alerta Brasil, que funciona com videomonitoramento. At\u00e9 o fim do ano a promessa \u00e9 que os postos cheguem a 330. No Rio de Janeiro, o intento \u00e9 multiplicar por seis os postos atuais.<\/p>\n<p><strong>Interven\u00e7\u00e3o<\/strong><\/p>\n<p>Questionado sobre se o governo estaria preparado em caso de novos pedidos de interven\u00e7\u00e3o federal, Jungmann disse que \u00e9 preciso \u201cmuita modera\u00e7\u00e3o\u201d e que n\u00e3o v\u00ea outro quadro onde a medida seja necess\u00e1ria.<\/p>\n<p>\u201cO Rio de Janeiro tem 830 comunidades sob controle do crime organizado, tr\u00e1fico e mil\u00edcias. Temos uma crise econ\u00f4mica, fiscal, moral e de seguran\u00e7a. O Rio de Janeiro vive situa\u00e7\u00e3o que exigiu que se tomasse alguma provid\u00eancia. Eu n\u00e3o vejo uma situa\u00e7\u00e3o que demande uma outra interven\u00e7\u00e3o\u201d, disse.<\/p>\n<p><strong>CARIRI EM A\u00c7\u00c3O<\/strong><\/p>\n<p><em>Com Resumo PB \/Foto: Reprodu\u00e7\u00e3o Internet<\/em><\/p>\n<p><strong>Leia mais not\u00edcias em\u00a0<\/strong><a href=\"http:\/\/www.caririemacao.com\/\"><strong>caririemacao.com<\/strong><\/a><strong>, siga nossa p\u00e1gina no\u00a0<\/strong><a href=\"https:\/\/www.facebook.com\/CaririEmAcao\/?ref=aymt_homepage_panel\"><strong>Facebook<\/strong><\/a>,<strong>\u00a0<\/strong><a href=\"https:\/\/www.instagram.com\/cariri_em_acao\/?hl=pt-br\"><strong>Instagram<\/strong><\/a><strong>\u00a0e <\/strong><a href=\"https:\/\/www.youtube.com\/channel\/UCAptA0jQuYQy8vMhLt2m4qg\"><strong>Youtube<\/strong><\/a><strong>\u00a0e veja nossas mat\u00e9rias, v\u00eddeos e fotos. Voc\u00ea tamb\u00e9m pode enviar informa\u00e7\u00f5es \u00e0 Reda\u00e7\u00e3o do Portal Cariri em A\u00e7\u00e3o pelo WhatsApp (83) 9 9634.5791, (83) 9 9601-1162.<\/strong><\/p>\n<\/section>\n","protected":false},"excerpt":{"rendered":"<p>O ministro da Seguran\u00e7a P\u00fablica, Raul Jungmann, informou, ao anunciar nesta quarta-feira (28) a equipe do novo minist\u00e9rio, que foi autorizado a abrir concurso para&hellip; <\/p>\n","protected":false},"author":2,"featured_media":42607,"comment_status":"closed","ping_status":"closed","sticky":false,"template":"","format":"standard","meta":{"sfsi_plus_gutenberg_text_before_share":"","sfsi_plus_gutenberg_show_text_before_share":"","sfsi_plus_gutenberg_icon_type":"","sfsi_plus_gutenberg_icon_alignemt":"","sfsi_plus_gutenburg_max_per_row":"","footnotes":""},"categories":[2],"tags":[],"class_list":["post-42605","post","type-post","status-publish","format-standard","has-post-thumbnail","hentry","category-geral"],"_links":{"self":[{"href":"https:\/\/www.caririemacao.com\/1\/wp-json\/wp\/v2\/posts\/42605","targetHints":{"allow":["GET"]}}],"collection":[{"href":"https:\/\/www.caririemacao.com\/1\/wp-json\/wp\/v2\/posts"}],"about":[{"href":"https:\/\/www.caririemacao.com\/1\/wp-json\/wp\/v2\/types\/post"}],"author":[{"embeddable":true,"href":"https:\/\/www.caririemacao.com\/1\/wp-json\/wp\/v2\/users\/2"}],"replies":[{"embeddable":true,"href":"https:\/\/www.caririemacao.com\/1\/wp-json\/wp\/v2\/comments?post=42605"}],"version-history":[{"count":0,"href":"https:\/\/www.caririemacao.com\/1\/wp-json\/wp\/v2\/posts\/42605\/revisions"}],"wp:featuredmedia":[{"embeddable":true,"href":"https:\/\/www.caririemacao.com\/1\/wp-json\/wp\/v2\/media\/42607"}],"wp:attachment":[{"href":"https:\/\/www.caririemacao.com\/1\/wp-json\/wp\/v2\/media?parent=42605"}],"wp:term":[{"taxonomy":"category","embeddable":true,"href":"https:\/\/www.caririemacao.com\/1\/wp-json\/wp\/v2\/categories?post=42605"},{"taxonomy":"post_tag","embeddable":true,"href":"https:\/\/www.caririemacao.com\/1\/wp-json\/wp\/v2\/tags?post=42605"}],"curies":[{"name":"wp","href":"https:\/\/api.w.org\/{rel}","templated":true}]}}