{"id":42616,"date":"2018-03-01T10:49:31","date_gmt":"2018-03-01T13:49:31","guid":{"rendered":"http:\/\/caririemacao.com\/1\/?p=42616"},"modified":"2018-03-01T10:49:31","modified_gmt":"2018-03-01T13:49:31","slug":"luciano-cartaxo-desiste-de-candidatura-e-decide-ficar-na-prefeitura-de-jp","status":"publish","type":"post","link":"https:\/\/www.caririemacao.com\/1\/2018\/03\/01\/luciano-cartaxo-desiste-de-candidatura-e-decide-ficar-na-prefeitura-de-jp\/","title":{"rendered":"Luciano Cartaxo desiste de candidatura e decide ficar na Prefeitura de JP"},"content":{"rendered":"<p>O prefeito de Jo\u00e3o Pessoa, Luciano Cartaxo, divulgou carta na manh\u00e3 desta quinta-feira (01) garantindo que n\u00e3o disputar\u00e1 as elei\u00e7\u00f5es para o Governo do Estado e cumprir\u00e1 seu mandato integralmente.<\/p>\n<p><strong>Confira a \u00edntegra da carta:<\/strong><\/p>\n<p><em>Mensagem ao povo paraibano<\/em><\/p>\n<p><em>Jo\u00e3o Pessoa, 1 de Mar\u00e7o de 2018<\/em><\/p>\n<p><em>A minha vida \u00e9 pautada por princ\u00edpios, valores que a vida p\u00fablica consolidou ainda mais, em todas as oportunidades que a popula\u00e7\u00e3o de Jo\u00e3o Pessoa e da Para\u00edba, generosamente, decidiu me conceder. Sou um homem de palavra e um gestor de compromisso. Exer\u00e7o a pol\u00edtica preservando todas as boas pr\u00e1ticas nas quais acredito e que regem a minha vida pessoal. Sei que isso diverge do senso comum, num ambiente marcado, infelizmente, por vaidades e interesses individuais. Mas, para mim, n\u00e3o \u00e9 s\u00f3 uma quest\u00e3o de coer\u00eancia, \u00e9 de cren\u00e7a. N\u00e3o optei por essa trajet\u00f3ria, na qual coloco meu tempo e minha for\u00e7a de trabalho \u00e0 disposi\u00e7\u00e3o da popula\u00e7\u00e3o, para fazer o f\u00e1cil, o conveniente, ou mais do mesmo. Estou, desde sempre, na estrada do que considero certo, justo, \u00e9tico, mesmo que percorr\u00ea-la seja um desafio mais longo e exigente. Fazer parte de um projeto que realiza sonhos coletivos \u00e9 o que me mobiliza. A coragem e a f\u00e9 me levam \u00e0 frente. E estou aqui, hoje, para anunciar mais um passo adiante. N\u00e3o me furto \u00e0s decis\u00f5es, prefiro fazer acontecer a esperar para ver, porque da\u00ed nascem as a\u00e7\u00f5es realmente transformadoras. E esta \u00e9 a minha miss\u00e3o.<\/em><\/p>\n<p><em>Assim, depois de uma cuidadosa reflex\u00e3o, discuss\u00f5es internas, escuta de muitos companheiros de luta, a\u00ed inclu\u00edda a minha fam\u00edlia, di\u00e1logo com moradores de Jo\u00e3o Pessoa, e sinceramente honrado pelas manifesta\u00e7\u00f5es calorosas do povo paraibano, de todas as regi\u00f5es, que coloca o meu nome em posi\u00e7\u00e3o de destaque, quando projeta o futuro do nosso estado, venho comunicar uma decis\u00e3o \u2013 serena e amadurecida \u2013 que nortear\u00e1 os pr\u00f3ximos anos da minha vida p\u00fablica. Conforme me comprometi com a popula\u00e7\u00e3o de Jo\u00e3o Pessoa, cumprirei na \u00edntegra o meu mandato de prefeito reeleito, reafirmando o compromisso pactuado com este projeto vitorioso, que vem transformando a vida na nossa capital. Como gestor p\u00fablico, tenho uma miss\u00e3o a concluir.<\/em><\/p>\n<p><em>Sempre defendi que a boa pol\u00edtica n\u00e3o pode ser constru\u00edda pelas circunst\u00e2ncias, porque isso pode levar a an\u00e1lises distorcidas. Em tempos marcados pelo excesso de individualismo e a falta de bons prop\u00f3sitos, avan\u00e7arei me distanciando, como sempre, da pol\u00edtica antiga \u2013 e vencida \u2013 que busca colocar os interesses pessoais acima das causas coletivas. A mesquinhez do carreirismo n\u00e3o tem lugar ao meu lado, nem ser\u00e1 capaz de fazer curvar minha cabe\u00e7a erguida, ou amea\u00e7ar a minha paz de consci\u00eancia. Devo isso aos meus pais, como legado. Ofere\u00e7o isso aos cidad\u00e3os e cidad\u00e3s da minha terra, onde nasci e escrevo uma Hist\u00f3ria, ao lado da minha mulher e filhos, ao lado da minha gente. Sou do trabalho com resultado, que se alimenta do sonho. Acredito em um mundo melhor e a ele me dedico com as m\u00e3os e o cora\u00e7\u00e3o.<\/em><\/p>\n<p><em>Diante do tamanho da miss\u00e3o que me foi confiada, esta \u00e9 uma decis\u00e3o que exige coragem e, acima de tudo, responsabilidade. Vamos seguir dialogando com os munic\u00edpios, compartilhando experi\u00eancias, fazendo dessenovo jeito de administrar uma refer\u00eancia para o estado, o Brasil e outras cidades do mundo. \u00c9 desta maneira que seguirei onde estou, avan\u00e7ando. No tempo devido, da forma correta. Se a popula\u00e7\u00e3o do meu estado me avalia como um gestor competente, que cumpre compromissos, por isso amplamente aprovado, apto a disputar o governo, em primeiro lugar nas pesquisas de opini\u00e3o, ent\u00e3o, efetivamente, venho atendendo \u00e0s expectativas do meu povo. Se este quadro \u00e9 decorrente, hoje, do projeto que desenvolvemos na nossa capital, neste momento hist\u00f3rico de mudan\u00e7as, eu n\u00e3o posso simplesmente desconsiderar esta realidade. Implementamos um programa que planeja a Jo\u00e3o Pessoa dos pr\u00f3ximos 30 anos, a encaminhar irreversivelmente, j\u00e1 com resultados que se somar\u00e3o a tantos que conquistamos, at\u00e9 aqui.<\/em><\/p>\n<p><em>Tenho 53 anos, muitos planos e bastante experi\u00eancia, \u00e0 disposi\u00e7\u00e3o do meu estado. Equipe, grupo pol\u00edtico, popula\u00e7\u00e3o de Jo\u00e3o Pessoa e todo o povo da Para\u00edba contam e contar\u00e3o comigo, sempre -, no que eu puder fazer de melhor. Mas, reafirmo, decis\u00f5es de tal import\u00e2ncia n\u00e3o devem ser inspiradas em circunst\u00e2ncias, nem motivadas por elementos desconectados de um projeto maior. N\u00e3o compactuo com esta op\u00e7\u00e3o. Foi por isso que sempre explicitei meu entendimento, alertei para a necessidade de tra\u00e7armos metas, respeitando prazos, que permitissem a evolu\u00e7\u00e3o do debate e estrutura\u00e7\u00e3o de um caminho. Agora o tempo \u00e9 outro. Nestes \u00faltimos meses, foram in\u00fameras as especula\u00e7\u00f5es, insinua\u00e7\u00f5es, danosas ao debate maduro da boa pol\u00edtica. Eu n\u00e3o fa\u00e7o pol\u00edtica por conveni\u00eancia. Portanto, procuro transcender o imediatismo. N\u00e3o esperem de mim a ambi\u00e7\u00e3o eleitoral, meu lema \u00e9 o dos compromissos assumidos.<\/em><\/p>\n<p><em>A vida p\u00fablica exige dos gestores a entrega em todas as miss\u00f5es e desafios. Como vereador, deputado estadual, vice-governador e prefeito reeleito de Jo\u00e3o Pessoa, abri caminhos com a for\u00e7a do que acredito, renovando a confian\u00e7a depositada em mim. A honra imensa de ser reconhecido pela popula\u00e7\u00e3o como gestor e pol\u00edtico capaz de liderar o projeto da Para\u00edba que queremos \u00e9 fruto do melhor resultado poss\u00edvel na vida p\u00fablica: credibilidade e confian\u00e7a. N\u00e3o \u00e9 o \u00fanico requisito para um projeto avan\u00e7ar. \u00c9, certamente, o mais importante. No momento, avan\u00e7arei em Jo\u00e3o Pessoa. Sei que esta rela\u00e7\u00e3o de confian\u00e7a com a popula\u00e7\u00e3o s\u00f3 vai se aprofundar, evoluir, crescer. E o momento certo para novos passos certamente vir\u00e1. Porque aqui temos f\u00e9, coragem, trabalho, resultado e cora\u00e7\u00e3o.<\/em><\/p>\n<p><em>Luciano Cartaxo Pires de S\u00e1.<\/em><\/p>\n<p><iframe style=\"border: none; overflow: hidden;\" data-src=\"https:\/\/www.facebook.com\/plugins\/post.php?href=https%3A%2F%2Fwww.facebook.com%2FLucianoCartaxoPires%2Fposts%2F1805097726176673&amp;width=500\" width=\"500\" height=\"569\" frameborder=\"0\" scrolling=\"no\" data-mce-fragment=\"1\" src=\"data:image\/svg+xml;base64,PHN2ZyB3aWR0aD0iMSIgaGVpZ2h0PSIxIiB4bWxucz0iaHR0cDovL3d3dy53My5vcmcvMjAwMC9zdmciPjwvc3ZnPg==\" class=\"lazyload\" data-load-mode=\"1\"><\/iframe><\/p>\n<p><strong>CARIRI EM A\u00c7\u00c3O<\/strong><\/p>\n<p><em>Com Ascom\/Foto: Reprodu\u00e7\u00e3o Internet<\/em><\/p>\n<p><strong>Leia mais not\u00edcias em\u00a0<\/strong><a href=\"http:\/\/www.caririemacao.com\/\"><strong>caririemacao.com<\/strong><\/a><strong>, siga nossa p\u00e1gina no\u00a0<\/strong><a href=\"https:\/\/www.facebook.com\/CaririEmAcao\/?ref=aymt_homepage_panel\"><strong>Facebook<\/strong><\/a>,<strong>\u00a0<\/strong><a href=\"https:\/\/www.instagram.com\/cariri_em_acao\/?hl=pt-br\"><strong>Instagram<\/strong><\/a><strong>\u00a0e <\/strong><a href=\"https:\/\/www.youtube.com\/channel\/UCAptA0jQuYQy8vMhLt2m4qg\"><strong>Youtube<\/strong><\/a><strong>\u00a0e veja nossas mat\u00e9rias, v\u00eddeos e fotos. Voc\u00ea tamb\u00e9m pode enviar informa\u00e7\u00f5es \u00e0 Reda\u00e7\u00e3o do Portal Cariri em A\u00e7\u00e3o pelo WhatsApp (83) 9 9634.5791, (83) 9 9601-1162.<\/strong><\/p>\n","protected":false},"excerpt":{"rendered":"<p>O prefeito de Jo\u00e3o Pessoa, Luciano Cartaxo, divulgou carta na manh\u00e3 desta quinta-feira (01) garantindo que n\u00e3o disputar\u00e1 as elei\u00e7\u00f5es para o Governo do Estado&hellip; <\/p>\n","protected":false},"author":2,"featured_media":42614,"comment_status":"closed","ping_status":"closed","sticky":false,"template":"","format":"standard","meta":{"sfsi_plus_gutenberg_text_before_share":"","sfsi_plus_gutenberg_show_text_before_share":"","sfsi_plus_gutenberg_icon_type":"","sfsi_plus_gutenberg_icon_alignemt":"","sfsi_plus_gutenburg_max_per_row":"","footnotes":""},"categories":[1],"tags":[],"class_list":["post-42616","post","type-post","status-publish","format-standard","has-post-thumbnail","hentry","category-o-site"],"_links":{"self":[{"href":"https:\/\/www.caririemacao.com\/1\/wp-json\/wp\/v2\/posts\/42616","targetHints":{"allow":["GET"]}}],"collection":[{"href":"https:\/\/www.caririemacao.com\/1\/wp-json\/wp\/v2\/posts"}],"about":[{"href":"https:\/\/www.caririemacao.com\/1\/wp-json\/wp\/v2\/types\/post"}],"author":[{"embeddable":true,"href":"https:\/\/www.caririemacao.com\/1\/wp-json\/wp\/v2\/users\/2"}],"replies":[{"embeddable":true,"href":"https:\/\/www.caririemacao.com\/1\/wp-json\/wp\/v2\/comments?post=42616"}],"version-history":[{"count":0,"href":"https:\/\/www.caririemacao.com\/1\/wp-json\/wp\/v2\/posts\/42616\/revisions"}],"wp:featuredmedia":[{"embeddable":true,"href":"https:\/\/www.caririemacao.com\/1\/wp-json\/wp\/v2\/media\/42614"}],"wp:attachment":[{"href":"https:\/\/www.caririemacao.com\/1\/wp-json\/wp\/v2\/media?parent=42616"}],"wp:term":[{"taxonomy":"category","embeddable":true,"href":"https:\/\/www.caririemacao.com\/1\/wp-json\/wp\/v2\/categories?post=42616"},{"taxonomy":"post_tag","embeddable":true,"href":"https:\/\/www.caririemacao.com\/1\/wp-json\/wp\/v2\/tags?post=42616"}],"curies":[{"name":"wp","href":"https:\/\/api.w.org\/{rel}","templated":true}]}}