{"id":42655,"date":"2018-03-01T17:53:44","date_gmt":"2018-03-01T20:53:44","guid":{"rendered":"http:\/\/caririemacao.com\/1\/?p=42655"},"modified":"2018-03-01T17:53:44","modified_gmt":"2018-03-01T20:53:44","slug":"temer-diz-que-intervencao-pode-acabar-no-2o-semestre-e-ainda-votar-reforma-da-previdencia","status":"publish","type":"post","link":"https:\/\/www.caririemacao.com\/1\/2018\/03\/01\/temer-diz-que-intervencao-pode-acabar-no-2o-semestre-e-ainda-votar-reforma-da-previdencia\/","title":{"rendered":"Temer diz que interven\u00e7\u00e3o pode acabar no 2\u00ba semestre e ainda votar reforma da Previd\u00eancia"},"content":{"rendered":"<p>O presidente\u00a0Michel Temer\u00a0afirmou na manh\u00e3 desta quinta-feira que, se a\u00a0interven\u00e7\u00e3ofederal\u00a0na seguran\u00e7a do Rio de Janeiro atingir os objetivos desejados, at\u00e9 setembro ou outubro ela pode ser revogada para que o Congresso vote a\u00a0reforma da Previd\u00eancia. A declara\u00e7\u00e3o foi dada durante uma entrevista \u00e0 &#8220;R\u00e1dio Tupi&#8221;.<\/p>\n<p>\u2014 Pode ocorrer de quando chegar em setembro, outubro, eu possa fazer cessar a interven\u00e7\u00e3o se ela tomar um caminho. N\u00e3o quero manter a interven\u00e7\u00e3o eternamente no Rio de Janeiro, nem \u00e9 saud\u00e1vel. Se ocorrer isso, voc\u00ea ter\u00e1 logo depois da elei\u00e7\u00e3o tr\u00eas meses, voc\u00ea ter\u00e1 outubro, novembro, dezembro para ainda tentar votar a Previd\u00eancia \u2014 disse o presidente.<\/p>\n<p>Ontem, em entrevista \u00e0 uma outra r\u00e1dio, Michel Temer havia dito que a Previd\u00eancia n\u00e3o estava &#8220;sepultada&#8221; e que tinha sido retirada da pauta legislativa mas continuaria na pauta pol\u00edtica. Nesta manh\u00e3, o presidente repetiu sua fala e afirmou que pesou os dois valores entre a quest\u00e3o da seguran\u00e7a e da Previd\u00eancia e que a seguran\u00e7a foi mais importante neste momento:<\/p>\n<p>\u2014 A inseguran\u00e7a, particularmente no Rio de Janeiro, chegou a tal ponto que pesando os dois valores, eu conclu\u00ed o seguinte: vamos resolver a quest\u00e3o da seguran\u00e7a no presente momento, porque a Previd\u00eancia pode ser votada depois, se vai ser votada no meu governo ou n\u00e3o, eu n\u00e3o sei. Vamos resolver a quest\u00e3o da seguran\u00e7a primeiro e a Previd\u00eancia vai ser votada depois \u2014 disse Temer durante a entrevista.<\/p>\n<p><strong>CARIRI EM A\u00c7\u00c3O<\/strong><\/p>\n<p><em>Com Ag\u00eancia O globo \/Foto: Reprodu\u00e7\u00e3o Internet<\/em><\/p>\n<p><strong>Leia mais not\u00edcias em\u00a0<\/strong><a href=\"http:\/\/www.caririemacao.com\/\"><strong>caririemacao.com<\/strong><\/a><strong>, siga nossa p\u00e1gina no\u00a0<\/strong><a href=\"https:\/\/www.facebook.com\/CaririEmAcao\/?ref=aymt_homepage_panel\"><strong>Facebook<\/strong><\/a>,<strong>\u00a0<\/strong><a href=\"https:\/\/www.instagram.com\/cariri_em_acao\/?hl=pt-br\"><strong>Instagram<\/strong><\/a><strong>\u00a0e\u00a0<\/strong><a href=\"https:\/\/www.youtube.com\/channel\/UCAptA0jQuYQy8vMhLt2m4qg\"><strong>Youtube<\/strong><\/a><strong>\u00a0e veja nossas mat\u00e9rias, v\u00eddeos e fotos. Voc\u00ea tamb\u00e9m pode enviar informa\u00e7\u00f5es \u00e0 Reda\u00e7\u00e3o do Portal Cariri em A\u00e7\u00e3o pelo WhatsApp (83) 9 9634.5791, (83) 9 9601-1162.<\/strong><\/p>\n","protected":false},"excerpt":{"rendered":"<p>O presidente\u00a0Michel Temer\u00a0afirmou na manh\u00e3 desta quinta-feira que, se a\u00a0interven\u00e7\u00e3ofederal\u00a0na seguran\u00e7a do Rio de Janeiro atingir os objetivos desejados, at\u00e9 setembro ou outubro ela pode&hellip; <\/p>\n","protected":false},"author":2,"featured_media":42656,"comment_status":"closed","ping_status":"closed","sticky":false,"template":"","format":"standard","meta":{"sfsi_plus_gutenberg_text_before_share":"","sfsi_plus_gutenberg_show_text_before_share":"","sfsi_plus_gutenberg_icon_type":"","sfsi_plus_gutenberg_icon_alignemt":"","sfsi_plus_gutenburg_max_per_row":"","footnotes":""},"categories":[11],"tags":[],"class_list":["post-42655","post","type-post","status-publish","format-standard","has-post-thumbnail","hentry","category-politica"],"_links":{"self":[{"href":"https:\/\/www.caririemacao.com\/1\/wp-json\/wp\/v2\/posts\/42655","targetHints":{"allow":["GET"]}}],"collection":[{"href":"https:\/\/www.caririemacao.com\/1\/wp-json\/wp\/v2\/posts"}],"about":[{"href":"https:\/\/www.caririemacao.com\/1\/wp-json\/wp\/v2\/types\/post"}],"author":[{"embeddable":true,"href":"https:\/\/www.caririemacao.com\/1\/wp-json\/wp\/v2\/users\/2"}],"replies":[{"embeddable":true,"href":"https:\/\/www.caririemacao.com\/1\/wp-json\/wp\/v2\/comments?post=42655"}],"version-history":[{"count":0,"href":"https:\/\/www.caririemacao.com\/1\/wp-json\/wp\/v2\/posts\/42655\/revisions"}],"wp:featuredmedia":[{"embeddable":true,"href":"https:\/\/www.caririemacao.com\/1\/wp-json\/wp\/v2\/media\/42656"}],"wp:attachment":[{"href":"https:\/\/www.caririemacao.com\/1\/wp-json\/wp\/v2\/media?parent=42655"}],"wp:term":[{"taxonomy":"category","embeddable":true,"href":"https:\/\/www.caririemacao.com\/1\/wp-json\/wp\/v2\/categories?post=42655"},{"taxonomy":"post_tag","embeddable":true,"href":"https:\/\/www.caririemacao.com\/1\/wp-json\/wp\/v2\/tags?post=42655"}],"curies":[{"name":"wp","href":"https:\/\/api.w.org\/{rel}","templated":true}]}}