{"id":42658,"date":"2018-03-01T17:57:33","date_gmt":"2018-03-01T20:57:33","guid":{"rendered":"http:\/\/caririemacao.com\/1\/?p=42658"},"modified":"2018-03-01T17:57:33","modified_gmt":"2018-03-01T20:57:33","slug":"disturbio-alimentar-psicologa-explica-transtorno-que-leva-a-comida-aos-extremos","status":"publish","type":"post","link":"https:\/\/www.caririemacao.com\/1\/2018\/03\/01\/disturbio-alimentar-psicologa-explica-transtorno-que-leva-a-comida-aos-extremos\/","title":{"rendered":"Dist\u00farbio alimentar: psic\u00f3loga explica transtorno que leva a comida aos extremos"},"content":{"rendered":"<p>Abrir m\u00e3o da comida. Comer demais. Sentir culpa ap\u00f3s uma refei\u00e7\u00e3o. O desequil\u00edbrio na alimenta\u00e7\u00e3o,\u00a0sofrido por Daiana Garbin, mulher de Tiago Leifert, e por Mariana Goldfarb\u00a0no in\u00edcio do antigo namoro com Cau\u00e3 Reymond\u00a0tem nome. &#8220;O dist\u00farbio alimentar, tamb\u00e9m chamado de transtorno alimentar, \u00e9 caracterizado por extremos. Ele est\u00e1 presente quando uma pessoa experimenta dist\u00farbios graves em rela\u00e7\u00e3o ao seu comportamento alimentar \u2013 isso pode ser pela redu\u00e7\u00e3o extrema da ingest\u00e3o de alimentos ou pela ingest\u00e3o extrema de alimentos. A pessoa tamb\u00e9m experimenta sentimentos extremos de ang\u00fastia, preocupa\u00e7\u00e3o com o corpo, o peso, o tamanho e a forma&#8221;, explica a psic\u00f3loga Vanessa Tomasini, especializada em dist\u00farbios alimentares, ao\u00a0Purepeople.<\/p>\n<h3>&#8216;A vontade de comer ou n\u00e3o comer fica fora de controle&#8217;, afirma<\/h3>\n<p>A psic\u00f3loga destaca que o transtorno pode ser desenvolvido com a ingest\u00e3o de quantidades menores ou maiores de alimento, normal a qualquer pessoa, com uma forte exce\u00e7\u00e3o: &#8220;Em algum ponto a vontade de comer a mais ou de n\u00e3o comer se torna um comportamento que fica totalmente fora de controle.&#8221;<\/p>\n<h3><strong>&#8216;Todo corpo \u00e9 perfeito, eles s\u00e3o diferentes apenas&#8217;, diz psic\u00f3loga<\/strong><\/h3>\n<p>Segundo Vanessa, n\u00e3o existe um tipo mais prop\u00edcio aos transtornos alimentares. Al\u00e9m da quest\u00e3o biol\u00f3gica e comportamental, h\u00e1 muitas bases sociais da forma como enxergamos o corpo envolvidas. &#8220;Todo mundo hoje em dia \u00e9 o tempo inteiro bombardeado por um corpo de uma mo\u00e7a fitness, um corpo seco, um corpo atl\u00e9tico, musculoso, e o que a gente acaba entendendo muitas vezes \u00e9 que esse \u00e9 o corpo &#8216;certo&#8217;, que todo mundo deveria ter&#8221;, diz a psic\u00f3loga, que chama aten\u00e7\u00e3o para a pluralidade: &#8220;S\u00f3 que quando voc\u00ea para para observar ao seu redor, as pessoas com as quais voc\u00ea trabalha, com as quais voc\u00ea convive, da faculdade, da escola, do parque, voc\u00ea come\u00e7a a ver que existe uma diversidade muito grande de corpos. Mas as pessoas olham e buscam aquele corpo dito perfeito, porque, afinal de contas, todo corpo \u00e9 perfeito. Os corpos s\u00e3o diferentes apenas.&#8221;<\/p>\n<p><strong>CARIRI EM A\u00c7\u00c3O<\/strong><\/p>\n<p><em>Com Purepeople\/Foto: Reprodu\u00e7\u00e3o Internet<\/em><\/p>\n<p><strong>Leia mais not\u00edcias em\u00a0<\/strong><a href=\"http:\/\/www.caririemacao.com\/\"><strong>caririemacao.com<\/strong><\/a><strong>, siga nossa p\u00e1gina no\u00a0<\/strong><a href=\"https:\/\/www.facebook.com\/CaririEmAcao\/?ref=aymt_homepage_panel\"><strong>Facebook<\/strong><\/a>,<strong>\u00a0<\/strong><a href=\"https:\/\/www.instagram.com\/cariri_em_acao\/?hl=pt-br\"><strong>Instagram<\/strong><\/a><strong>\u00a0e\u00a0<\/strong><a href=\"https:\/\/www.youtube.com\/channel\/UCAptA0jQuYQy8vMhLt2m4qg\"><strong>Youtube<\/strong><\/a><strong>\u00a0e veja nossas mat\u00e9rias, v\u00eddeos e fotos. Voc\u00ea tamb\u00e9m pode enviar informa\u00e7\u00f5es \u00e0 Reda\u00e7\u00e3o do Portal Cariri em A\u00e7\u00e3o pelo WhatsApp (83) 9 9634.5791, (83) 9 9601-1162.<\/strong><\/p>\n","protected":false},"excerpt":{"rendered":"<p>Abrir m\u00e3o da comida. Comer demais. Sentir culpa ap\u00f3s uma refei\u00e7\u00e3o. O desequil\u00edbrio na alimenta\u00e7\u00e3o,\u00a0sofrido por Daiana Garbin, mulher de Tiago Leifert, e por Mariana&hellip; <\/p>\n","protected":false},"author":2,"featured_media":42659,"comment_status":"closed","ping_status":"closed","sticky":false,"template":"","format":"standard","meta":{"sfsi_plus_gutenberg_text_before_share":"","sfsi_plus_gutenberg_show_text_before_share":"","sfsi_plus_gutenberg_icon_type":"","sfsi_plus_gutenberg_icon_alignemt":"","sfsi_plus_gutenburg_max_per_row":"","footnotes":""},"categories":[16],"tags":[],"class_list":["post-42658","post","type-post","status-publish","format-standard","has-post-thumbnail","hentry","category-saude"],"_links":{"self":[{"href":"https:\/\/www.caririemacao.com\/1\/wp-json\/wp\/v2\/posts\/42658","targetHints":{"allow":["GET"]}}],"collection":[{"href":"https:\/\/www.caririemacao.com\/1\/wp-json\/wp\/v2\/posts"}],"about":[{"href":"https:\/\/www.caririemacao.com\/1\/wp-json\/wp\/v2\/types\/post"}],"author":[{"embeddable":true,"href":"https:\/\/www.caririemacao.com\/1\/wp-json\/wp\/v2\/users\/2"}],"replies":[{"embeddable":true,"href":"https:\/\/www.caririemacao.com\/1\/wp-json\/wp\/v2\/comments?post=42658"}],"version-history":[{"count":0,"href":"https:\/\/www.caririemacao.com\/1\/wp-json\/wp\/v2\/posts\/42658\/revisions"}],"wp:featuredmedia":[{"embeddable":true,"href":"https:\/\/www.caririemacao.com\/1\/wp-json\/wp\/v2\/media\/42659"}],"wp:attachment":[{"href":"https:\/\/www.caririemacao.com\/1\/wp-json\/wp\/v2\/media?parent=42658"}],"wp:term":[{"taxonomy":"category","embeddable":true,"href":"https:\/\/www.caririemacao.com\/1\/wp-json\/wp\/v2\/categories?post=42658"},{"taxonomy":"post_tag","embeddable":true,"href":"https:\/\/www.caririemacao.com\/1\/wp-json\/wp\/v2\/tags?post=42658"}],"curies":[{"name":"wp","href":"https:\/\/api.w.org\/{rel}","templated":true}]}}