{"id":42661,"date":"2018-03-01T18:02:58","date_gmt":"2018-03-01T21:02:58","guid":{"rendered":"http:\/\/caririemacao.com\/1\/?p=42661"},"modified":"2018-03-01T18:02:58","modified_gmt":"2018-03-01T21:02:58","slug":"paraiba-tem-tres-casos-em-investigacao-de-febre-amarela","status":"publish","type":"post","link":"https:\/\/www.caririemacao.com\/1\/2018\/03\/01\/paraiba-tem-tres-casos-em-investigacao-de-febre-amarela\/","title":{"rendered":"Para\u00edba tem tr\u00eas casos em investiga\u00e7\u00e3o de febre amarela"},"content":{"rendered":"<p>O Minist\u00e9rio da Sa\u00fade atualizou nesta quinta-feira (1\u00ba) as informa\u00e7\u00f5es repassadas pelas secretarias estaduais de sa\u00fade sobre a situa\u00e7\u00e3o da febre amarela no pa\u00eds. No per\u00edodo de monitoramento (de 1\u00ba de julho\/2017 a 28 de fevereiro de 2018), foram confirmados 723 casos de febre amarela no pa\u00eds, sendo que 237 vieram a \u00f3bito. Ao todo, foram notificados 2.867 casos suspeitos, sendo que 1.359 foram descartados e 785 permanecem em investiga\u00e7\u00e3o, neste per\u00edodo.<\/p>\n<p>No ano passado, de julho de 2016 at\u00e9 28 fevereiro de 2017, eram 576 casos confirmados e 184 \u00f3bitos confirmados. Os informes de febre amarela seguem, desde o ano passado, a sazonalidade da doen\u00e7a, que acontece, em sua maioria, no ver\u00e3o. Dessa forma, o per\u00edodo para a an\u00e1lise considera de 1\u00ba de julho a 30 de junho de cada ano.<\/p>\n<p>Embora os casos do atual per\u00edodo de monitoramento tenham sido superiores \u00e0 sazonalidade passada, o v\u00edrus da febre amarela hoje circula em regi\u00f5es metropolitanas do pa\u00eds com maior contingente populacional, atingindo 32,3 milh\u00f5es de pessoas que moram, inclusive, em \u00e1reas que nunca tiveram recomenda\u00e7\u00e3o de vacina. Na sazonalidade passada, por exemplo, o surto atingiu uma popula\u00e7\u00e3o de 8 milh\u00f5es de pessoas, muito menor que a atual.<\/p>\n<p>Isso explica a incid\u00eancia da doen\u00e7a neste per\u00edodo ser menor que no per\u00edodo passado. A incid\u00eancia da doen\u00e7a no per\u00edodo de monitoramento 2017\/2018, at\u00e9 28 de fevereiro, \u00e9 de 2,2 casos para 100 mil\/habitantes. J\u00e1 na sazonalidade passada, 2016\/2017, a incid\u00eancia foi de 7,1\/100 mil habitantes, no mesmo per\u00edodo.<\/p>\n<p><strong>CAMPANHA \u2013<\/strong>\u00a0O Minist\u00e9rio da Sa\u00fade refor\u00e7a a import\u00e2ncia da vacina\u00e7\u00e3o da popula\u00e7\u00e3o dos estados do Rio de Janeiro, Bahia e S\u00e3o Paulo durante a campanha contra febre amarela. Dados preliminares dos tr\u00eas estados apontam que, at\u00e9 27 de fevereiro, 5,5 milh\u00f5es de pessoas foram vacinadas. O n\u00famero corresponde a 23,2% do p\u00fablico-alvo previsto na campanha. A recomenda\u00e7\u00e3o \u00e9 que os estados continuem vacinando at\u00e9 atingir alta cobertura.<\/p>\n<p>Para auxiliar os estados e munic\u00edpios na realiza\u00e7\u00e3o da campanha, o Minist\u00e9rio da Sa\u00fade repassou aos estados no ano de 2018 at\u00e9 o momento, 20,2 milh\u00f5es de doses da vacina. Para os estados de S\u00e3o Paulo, Rio de Janeiro e Bahia foram enviados 15,7 milh\u00f5es de doses para implementa\u00e7\u00e3o da Campanha de Vacina\u00e7\u00e3o Contra a Febre Amarela. Foram 10,7 milh\u00f5es para S\u00e3o Paulo, 4,7 milh\u00f5es para o Rio de Janeiro e 300 mil para a Bahia.<\/p>\n<p>Distribui\u00e7\u00e3o dos casos de febre amarela notificados: 1\u00ba\/7\/2017 a 28\/02\/2018<\/p>\n<p><strong>CARIRI EM A\u00c7\u00c3O<\/strong><\/p>\n<p><em>Com Wscom \/Foto: Reprodu\u00e7\u00e3o Internet<\/em><\/p>\n<p><strong>Leia mais not\u00edcias em\u00a0<\/strong><a href=\"http:\/\/www.caririemacao.com\/\"><strong>caririemacao.com<\/strong><\/a><strong>, siga nossa p\u00e1gina no\u00a0<\/strong><a href=\"https:\/\/www.facebook.com\/CaririEmAcao\/?ref=aymt_homepage_panel\"><strong>Facebook<\/strong><\/a>,<strong>\u00a0<\/strong><a href=\"https:\/\/www.instagram.com\/cariri_em_acao\/?hl=pt-br\"><strong>Instagram<\/strong><\/a><strong>\u00a0e\u00a0<\/strong><a href=\"https:\/\/www.youtube.com\/channel\/UCAptA0jQuYQy8vMhLt2m4qg\"><strong>Youtube<\/strong><\/a><strong>\u00a0e veja nossas mat\u00e9rias, v\u00eddeos e fotos. Voc\u00ea tamb\u00e9m pode enviar informa\u00e7\u00f5es \u00e0 Reda\u00e7\u00e3o do Portal Cariri em A\u00e7\u00e3o pelo WhatsApp (83) 9 9634.5791, (83) 9 9601-1162.<\/strong><\/p>\n","protected":false},"excerpt":{"rendered":"<p>O Minist\u00e9rio da Sa\u00fade atualizou nesta quinta-feira (1\u00ba) as informa\u00e7\u00f5es repassadas pelas secretarias estaduais de sa\u00fade sobre a situa\u00e7\u00e3o da febre amarela no pa\u00eds. No&hellip; <\/p>\n","protected":false},"author":2,"featured_media":41144,"comment_status":"closed","ping_status":"closed","sticky":false,"template":"","format":"standard","meta":{"sfsi_plus_gutenberg_text_before_share":"","sfsi_plus_gutenberg_show_text_before_share":"","sfsi_plus_gutenberg_icon_type":"","sfsi_plus_gutenberg_icon_alignemt":"","sfsi_plus_gutenburg_max_per_row":"","footnotes":""},"categories":[2],"tags":[],"class_list":["post-42661","post","type-post","status-publish","format-standard","has-post-thumbnail","hentry","category-geral"],"_links":{"self":[{"href":"https:\/\/www.caririemacao.com\/1\/wp-json\/wp\/v2\/posts\/42661","targetHints":{"allow":["GET"]}}],"collection":[{"href":"https:\/\/www.caririemacao.com\/1\/wp-json\/wp\/v2\/posts"}],"about":[{"href":"https:\/\/www.caririemacao.com\/1\/wp-json\/wp\/v2\/types\/post"}],"author":[{"embeddable":true,"href":"https:\/\/www.caririemacao.com\/1\/wp-json\/wp\/v2\/users\/2"}],"replies":[{"embeddable":true,"href":"https:\/\/www.caririemacao.com\/1\/wp-json\/wp\/v2\/comments?post=42661"}],"version-history":[{"count":0,"href":"https:\/\/www.caririemacao.com\/1\/wp-json\/wp\/v2\/posts\/42661\/revisions"}],"wp:featuredmedia":[{"embeddable":true,"href":"https:\/\/www.caririemacao.com\/1\/wp-json\/wp\/v2\/media\/41144"}],"wp:attachment":[{"href":"https:\/\/www.caririemacao.com\/1\/wp-json\/wp\/v2\/media?parent=42661"}],"wp:term":[{"taxonomy":"category","embeddable":true,"href":"https:\/\/www.caririemacao.com\/1\/wp-json\/wp\/v2\/categories?post=42661"},{"taxonomy":"post_tag","embeddable":true,"href":"https:\/\/www.caririemacao.com\/1\/wp-json\/wp\/v2\/tags?post=42661"}],"curies":[{"name":"wp","href":"https:\/\/api.w.org\/{rel}","templated":true}]}}